{"id":969,"date":"2020-10-20T21:28:14","date_gmt":"2020-10-20T20:28:14","guid":{"rendered":"https:\/\/emakumeakzientzian.eus\/?p=969"},"modified":"2020-10-26T19:59:08","modified_gmt":"2020-10-26T18:59:08","slug":"cientificas-de-ayer-y-de-hoy-en-la-donostia-weekinn","status":"publish","type":"post","link":"https:\/\/emakumeakzientzian.eus\/es\/cientificas-de-ayer-y-de-hoy-en-la-donostia-weekinn\/","title":{"rendered":"Cient\u00edficas de ayer y de hoy en la Donostia WeekINN"},"content":{"rendered":"\n<p><strong>Cient\u00edficas de ayer y de hoy en la Donostia WeekINN<\/strong><\/p>\n\n\n\n<figure class=\"wp-block-image size-large\"><img loading=\"lazy\" decoding=\"async\" width=\"1024\" height=\"576\" src=\"https:\/\/emakumeakzientzian.eus\/wp-content\/uploads\/2020\/10\/CIENTIFICAS-DE-AYER-Y-DE-HOY-1024x576.png\" alt=\"\" class=\"wp-image-976\" srcset=\"https:\/\/emakumeakzientzian.eus\/wp-content\/uploads\/2020\/10\/CIENTIFICAS-DE-AYER-Y-DE-HOY-1024x576.png 1024w, https:\/\/emakumeakzientzian.eus\/wp-content\/uploads\/2020\/10\/CIENTIFICAS-DE-AYER-Y-DE-HOY-300x169.png 300w, https:\/\/emakumeakzientzian.eus\/wp-content\/uploads\/2020\/10\/CIENTIFICAS-DE-AYER-Y-DE-HOY-1536x864.png 1536w, https:\/\/emakumeakzientzian.eus\/wp-content\/uploads\/2020\/10\/CIENTIFICAS-DE-AYER-Y-DE-HOY-503x283.png 503w, https:\/\/emakumeakzientzian.eus\/wp-content\/uploads\/2020\/10\/CIENTIFICAS-DE-AYER-Y-DE-HOY.png 1920w\" sizes=\"auto, (max-width: 1024px) 100vw, 1024px\" \/><\/figure>\n\n\n\n<p><strong>28 DE OCTUBRE, 19:00<\/strong><\/p>\n\n\n\n<p><strong>Aquarium de Donostia \/ San Sebasti\u00e1n y Streaming<\/strong><\/p>\n\n\n\n<p>Pod\u00e9is seguir v\u00eda <a rel=\"noreferrer noopener\" href=\"https:\/\/www.youtube.com\/user\/FomentoSanSebastian\/featured\" target=\"_blank\"><strong>streaming<\/strong><\/a><\/p>\n\n\n\n<p>Dentro de la semana WeekINN organizada por FOMENTO DSS, la iniciativa&nbsp;<a href=\"https:\/\/emakumeakzientzian.eus\/\" target=\"_blank\" rel=\"noreferrer noopener\">#Emakumeakzientzian<\/a>&nbsp;presenta, \u201cCient\u00edficas de ayer y de hoy\u201d.<\/p>\n\n\n\n<p>Cinco mujeres cient\u00edficas que desempe\u00f1an su labor en diferentes centros del entorno donostiarra subir\u00e1n al escenario del Aquarium para hablarnos sobre las investigaciones en las que se encuentran envueltas y homenajear a algunas de las grandes cient\u00edficas de la historia a trav\u00e9s del relato de sus fascinantes vidas y contribuciones cient\u00edficas. Clara Garc\u00eda Astrain &amp; Rosalind Franklin, Joanna Lopez &amp; Rita Levi-Montalcini, Naiara Rodr\u00edguez &amp; Constance Tipper, Sara Barja &amp; Mildred Dresselhaus, Silvia Bonoli &amp; Vera Rubin. <\/p>\n\n\n\n<ul class=\"wp-block-list\"><li>Clara Garc\u00eda Astrain (CIC biomaGUNE) &amp; Rosalind Franklin<ul><li><strong>Clara Garc\u00eda Astrain<\/strong>. Licenciada en Qu\u00edmica por la Universidad de Navarra y Doctora en Ingenier\u00eda de Materiales Renovables por la Universidad del Pa\u00eds Vasco (UPV\/EHU). Ha trabajado como investigadora en distintos centros como la Universidad de Estrasburgo\/CNRS (Francia), el Karlsruhe Institute of Technology (KIT, Alemania) o el centro de investigaci\u00f3n BCMaterials (Bizkaia). Actualmente, trabaja como investigadora postdoctoral en CICbiomaGUNE en el dise\u00f1o de nuevos materiales con propiedades avanzadas para el estudio del c\u00e1ncer.<\/li><\/ul><\/li><li>Joanna Lopez (Biodonostia) &amp; Rita Levi-Montalcini<ul><li><strong>Joanna L\u00f3pez <\/strong>es licenciada en Medicina en la Universidad de Sonora en M\u00e9xico el 2017. Al finalizar su carrera, curs\u00f3 un M\u00e1ster en Biolog\u00eda Molecular y Biomedicina en la Universidad del Pa\u00eds Vasco tras el cual se incorpor\u00f3 a Biodonostia con un contrato predoctoral PFIS del ISCIII al equipo de investigaci\u00f3n de Mar\u00eda Mu\u00f1oz Caffarel, d\u00f3nde realiza proyectos de investigaci\u00f3n b\u00e1sica y traslacional centrados en el c\u00e1ncer de mama.<\/li><\/ul><\/li><li>Naiara Rodr\u00edguez (CEIT- TECNUN) &amp; Constance Tipper<ul><li><strong>Naiara Rodriguez-Florez <\/strong>es profesora en Tecnun-Universidad de Navarra e Ikerbasque Research Fellow. Su investigaci\u00f3n se centra en la biomec\u00e1nica del hueso, con enfoque en los campos de Implantes Ortop\u00e9dicos e Ingenier\u00eda Tisular. Complet\u00f3 los estudios de Ingenier\u00eda Industrial en Tecnun, y es doctora en Bioingenier\u00eda por Imperial College London. Realiz\u00f3 su post-doc en el grupo de cirug\u00eda craniofacial de UCL Great Ormond Street Institute of Child Health, integrando la ingenier\u00eda biom\u00e9dica y la ciencia cl\u00ednica. Antes de unirse a Tecnun, fue personal docente investigador en el \u00e1rea de Ingenier\u00eda Biom\u00e9dica de Mondragon Goi Eskola Politeknikoa. En 2017 fue galardonada con el&nbsp;<em>Young Basque Investigator Award<\/em>&nbsp;por Bizkaia Talent y SRUK\/CERU.<\/li><\/ul><\/li><li>Sara Barja (CFM) &amp; Mildred Dresselhaus<ul><li><strong>Sara Barja<\/strong>. Doctora en F\u00edsica por la Universidad Aut\u00f3noma de Madrid, es investigadora Ram\u00f3n y Cajal en el CFM en Donostia- San Sebasti\u00e1n. Su carrera cient\u00edfica, que ha desarrollado entre Espa\u00f1a, Estados Unidos y Alemania, se centra en el estudio experimental de las propiedades de materiales bidimensionales a escala at\u00f3mica, as\u00ed como sus posibles aplicaciones en campos como la optoelectr\u00f3nica y la cat\u00e1lisis. Premio Hipatia 2019 al Talento Joven en la Ciencia.<\/li><\/ul><\/li><li>Silvia Bonoli (DIPC) &amp; Vera Rubin<ul><li><strong>Silvia Bonoli <\/strong>es una astrof\u00edsica italiana, cuya investigaci\u00f3n se centra principalmente en el estudio de los agujeros negros supermasivos, desde su formaci\u00f3n hasta su impacto sobre las galaxias donde viven. Despu\u00e9s de la carrera en la universidad de Bolonia y un m\u00e1ster en astrof\u00edsica en la universidad de Toronto, se doctor\u00f3 en el Instituto Max Planck de Astrof\u00edsica de Munich. Realiz\u00f3 estancias postdoctorales en la universidad de Zurich y en la universidad de Stanford. Lleg\u00f3 a Espa\u00f1a en el 2013, como investigadora en el Centro de Estudio de F\u00edsica del Cosmo de Arag\u00f3n, y, desde hace un a\u00f1o, como Ikerbasque research fellow en el DIPC.<\/li><\/ul><\/li><\/ul>\n\n\n\n<p>Organizan Fomento de San Sebasti\u00e1n, CFM, DIPC, CIC nanoGUNE, CIC biomaGUNE, Polymat, Tecnum, CEIT, Biodonostia y Elhuyar.<\/p>\n","protected":false},"excerpt":{"rendered":"<p>Cient\u00edficas de ayer y de hoy en la Donostia WeekINN 28 DE OCTUBRE, 19:00 Aquarium de Donostia \/ San Sebasti\u00e1n y Streaming Pod\u00e9is seguir v\u00eda streaming Dentro de la semana WeekINN organizada por FOMENTO DSS, la iniciativa&nbsp;#Emakumeakzientzian&nbsp;presenta, \u201cCient\u00edficas de ayer y de hoy\u201d. Cinco mujeres cient\u00edficas que desempe\u00f1an su labor en diferentes centros del entorno&#8230;<\/p>\n","protected":false},"author":2,"featured_media":982,"comment_status":"closed","ping_status":"open","sticky":false,"template":"","format":"standard","meta":{"_acf_changed":false,"footnotes":""},"categories":[2],"tags":[],"class_list":["post-969","post","type-post","status-publish","format-standard","has-post-thumbnail","hentry","category-sin-categorizar"],"acf":[],"yoast_head":"<!-- This site is optimized with the Yoast SEO plugin v27.3 - https:\/\/yoast.com\/product\/yoast-seo-wordpress\/ -->\n<title>Cient\u00edficas de ayer y de hoy en la Donostia WeekINN - Emakumeak zientzian<\/title>\n<meta name=\"robots\" content=\"index, follow, max-snippet:-1, max-image-preview:large, max-video-preview:-1\" \/>\n<link rel=\"canonical\" href=\"https:\/\/emakumeakzientzian.eus\/es\/cientificas-de-ayer-y-de-hoy-en-la-donostia-weekinn\/\" \/>\n<meta property=\"og:locale\" content=\"es_ES\" \/>\n<meta property=\"og:type\" content=\"article\" \/>\n<meta property=\"og:title\" content=\"Cient\u00edficas de ayer y de hoy en la Donostia WeekINN - Emakumeak zientzian\" \/>\n<meta property=\"og:description\" content=\"Cient\u00edficas de ayer y de hoy en la Donostia WeekINN 28 DE OCTUBRE, 19:00 Aquarium de Donostia \/ San Sebasti\u00e1n y Streaming Pod\u00e9is seguir v\u00eda streaming Dentro de la semana WeekINN organizada por FOMENTO DSS, la iniciativa&nbsp;#Emakumeakzientzian&nbsp;presenta, \u201cCient\u00edficas de ayer y de hoy\u201d. Cinco mujeres cient\u00edficas que desempe\u00f1an su labor en diferentes centros del entorno...\" \/>\n<meta property=\"og:url\" content=\"https:\/\/emakumeakzientzian.eus\/es\/cientificas-de-ayer-y-de-hoy-en-la-donostia-weekinn\/\" \/>\n<meta property=\"og:site_name\" content=\"Emakumeak zientzian\" \/>\n<meta property=\"article:published_time\" content=\"2020-10-20T20:28:14+00:00\" \/>\n<meta property=\"article:modified_time\" content=\"2020-10-26T18:59:08+00:00\" \/>\n<meta property=\"og:image\" content=\"https:\/\/emakumeakzientzian.eus\/wp-content\/uploads\/2020\/10\/CIENTIFICAS-DE-AYER-Y-DE-HOY-1.png\" \/>\n\t<meta property=\"og:image:width\" content=\"1920\" \/>\n\t<meta property=\"og:image:height\" content=\"1080\" \/>\n\t<meta property=\"og:image:type\" content=\"image\/png\" \/>\n<meta name=\"author\" content=\"Kortabitarte(e)ko Irati\" \/>\n<meta name=\"twitter:card\" content=\"summary_large_image\" \/>\n<meta name=\"twitter:label1\" content=\"Escrito por\" \/>\n\t<meta name=\"twitter:data1\" content=\"Kortabitarte(e)ko Irati\" \/>\n\t<meta name=\"twitter:label2\" content=\"Tiempo de lectura\" \/>\n\t<meta name=\"twitter:data2\" content=\"3 minutos\" \/>\n<script type=\"application\/ld+json\" class=\"yoast-schema-graph\">{\"@context\":\"https:\\\/\\\/schema.org\",\"@graph\":[{\"@type\":\"Article\",\"@id\":\"https:\\\/\\\/emakumeakzientzian.eus\\\/es\\\/cientificas-de-ayer-y-de-hoy-en-la-donostia-weekinn\\\/#article\",\"isPartOf\":{\"@id\":\"https:\\\/\\\/emakumeakzientzian.eus\\\/es\\\/cientificas-de-ayer-y-de-hoy-en-la-donostia-weekinn\\\/\"},\"author\":{\"name\":\"Kortabitarte(e)ko Irati\",\"@id\":\"https:\\\/\\\/emakumeakzientzian.eus\\\/es\\\/#\\\/schema\\\/person\\\/73b2a7020ae46008c513020b3af78833\"},\"headline\":\"Cient\u00edficas de ayer y de hoy en la Donostia WeekINN\",\"datePublished\":\"2020-10-20T20:28:14+00:00\",\"dateModified\":\"2020-10-26T18:59:08+00:00\",\"mainEntityOfPage\":{\"@id\":\"https:\\\/\\\/emakumeakzientzian.eus\\\/es\\\/cientificas-de-ayer-y-de-hoy-en-la-donostia-weekinn\\\/\"},\"wordCount\":679,\"publisher\":{\"@id\":\"https:\\\/\\\/emakumeakzientzian.eus\\\/es\\\/#organization\"},\"image\":{\"@id\":\"https:\\\/\\\/emakumeakzientzian.eus\\\/es\\\/cientificas-de-ayer-y-de-hoy-en-la-donostia-weekinn\\\/#primaryimage\"},\"thumbnailUrl\":\"https:\\\/\\\/emakumeakzientzian.eus\\\/wp-content\\\/uploads\\\/2020\\\/10\\\/CIENTIFICAS-DE-AYER-Y-DE-HOY-1.png\",\"articleSection\":[\"Sin categorizar\"],\"inLanguage\":\"es\"},{\"@type\":\"WebPage\",\"@id\":\"https:\\\/\\\/emakumeakzientzian.eus\\\/es\\\/cientificas-de-ayer-y-de-hoy-en-la-donostia-weekinn\\\/\",\"url\":\"https:\\\/\\\/emakumeakzientzian.eus\\\/es\\\/cientificas-de-ayer-y-de-hoy-en-la-donostia-weekinn\\\/\",\"name\":\"Cient\u00edficas de ayer y de hoy en la Donostia WeekINN - Emakumeak zientzian\",\"isPartOf\":{\"@id\":\"https:\\\/\\\/emakumeakzientzian.eus\\\/es\\\/#website\"},\"primaryImageOfPage\":{\"@id\":\"https:\\\/\\\/emakumeakzientzian.eus\\\/es\\\/cientificas-de-ayer-y-de-hoy-en-la-donostia-weekinn\\\/#primaryimage\"},\"image\":{\"@id\":\"https:\\\/\\\/emakumeakzientzian.eus\\\/es\\\/cientificas-de-ayer-y-de-hoy-en-la-donostia-weekinn\\\/#primaryimage\"},\"thumbnailUrl\":\"https:\\\/\\\/emakumeakzientzian.eus\\\/wp-content\\\/uploads\\\/2020\\\/10\\\/CIENTIFICAS-DE-AYER-Y-DE-HOY-1.png\",\"datePublished\":\"2020-10-20T20:28:14+00:00\",\"dateModified\":\"2020-10-26T18:59:08+00:00\",\"breadcrumb\":{\"@id\":\"https:\\\/\\\/emakumeakzientzian.eus\\\/es\\\/cientificas-de-ayer-y-de-hoy-en-la-donostia-weekinn\\\/#breadcrumb\"},\"inLanguage\":\"es\",\"potentialAction\":[{\"@type\":\"ReadAction\",\"target\":[\"https:\\\/\\\/emakumeakzientzian.eus\\\/es\\\/cientificas-de-ayer-y-de-hoy-en-la-donostia-weekinn\\\/\"]}]},{\"@type\":\"ImageObject\",\"inLanguage\":\"es\",\"@id\":\"https:\\\/\\\/emakumeakzientzian.eus\\\/es\\\/cientificas-de-ayer-y-de-hoy-en-la-donostia-weekinn\\\/#primaryimage\",\"url\":\"https:\\\/\\\/emakumeakzientzian.eus\\\/wp-content\\\/uploads\\\/2020\\\/10\\\/CIENTIFICAS-DE-AYER-Y-DE-HOY-1.png\",\"contentUrl\":\"https:\\\/\\\/emakumeakzientzian.eus\\\/wp-content\\\/uploads\\\/2020\\\/10\\\/CIENTIFICAS-DE-AYER-Y-DE-HOY-1.png\",\"width\":1920,\"height\":1080},{\"@type\":\"BreadcrumbList\",\"@id\":\"https:\\\/\\\/emakumeakzientzian.eus\\\/es\\\/cientificas-de-ayer-y-de-hoy-en-la-donostia-weekinn\\\/#breadcrumb\",\"itemListElement\":[{\"@type\":\"ListItem\",\"position\":1,\"name\":\"Home\",\"item\":\"https:\\\/\\\/emakumeakzientzian.eus\\\/es\\\/\"},{\"@type\":\"ListItem\",\"position\":2,\"name\":\"Cient\u00edficas de ayer y de hoy en la Donostia WeekINN\"}]},{\"@type\":\"WebSite\",\"@id\":\"https:\\\/\\\/emakumeakzientzian.eus\\\/es\\\/#website\",\"url\":\"https:\\\/\\\/emakumeakzientzian.eus\\\/es\\\/\",\"name\":\"Emakumeak zientzian\",\"description\":\"Emakumeak zientzian jardunaldiak\",\"publisher\":{\"@id\":\"https:\\\/\\\/emakumeakzientzian.eus\\\/es\\\/#organization\"},\"potentialAction\":[{\"@type\":\"SearchAction\",\"target\":{\"@type\":\"EntryPoint\",\"urlTemplate\":\"https:\\\/\\\/emakumeakzientzian.eus\\\/es\\\/?s={search_term_string}\"},\"query-input\":{\"@type\":\"PropertyValueSpecification\",\"valueRequired\":true,\"valueName\":\"search_term_string\"}}],\"inLanguage\":\"es\"},{\"@type\":\"Organization\",\"@id\":\"https:\\\/\\\/emakumeakzientzian.eus\\\/es\\\/#organization\",\"name\":\"Emakumeak Zientzian\",\"url\":\"https:\\\/\\\/emakumeakzientzian.eus\\\/es\\\/\",\"logo\":{\"@type\":\"ImageObject\",\"inLanguage\":\"es\",\"@id\":\"https:\\\/\\\/emakumeakzientzian.eus\\\/es\\\/#\\\/schema\\\/logo\\\/image\\\/\",\"url\":\"https:\\\/\\\/emakumeakzientzian.eus\\\/wp-content\\\/uploads\\\/2022\\\/11\\\/Logo-EEZZ.png\",\"contentUrl\":\"https:\\\/\\\/emakumeakzientzian.eus\\\/wp-content\\\/uploads\\\/2022\\\/11\\\/Logo-EEZZ.png\",\"width\":1364,\"height\":1396,\"caption\":\"Emakumeak Zientzian\"},\"image\":{\"@id\":\"https:\\\/\\\/emakumeakzientzian.eus\\\/es\\\/#\\\/schema\\\/logo\\\/image\\\/\"}},{\"@type\":\"Person\",\"@id\":\"https:\\\/\\\/emakumeakzientzian.eus\\\/es\\\/#\\\/schema\\\/person\\\/73b2a7020ae46008c513020b3af78833\",\"name\":\"Kortabitarte(e)ko Irati\",\"image\":{\"@type\":\"ImageObject\",\"inLanguage\":\"es\",\"@id\":\"https:\\\/\\\/secure.gravatar.com\\\/avatar\\\/6426ed3ffb4c14b828856bf52e03bdca67952ce930b07d5898ed2843cdc8b889?s=96&d=mm&r=g\",\"url\":\"https:\\\/\\\/secure.gravatar.com\\\/avatar\\\/6426ed3ffb4c14b828856bf52e03bdca67952ce930b07d5898ed2843cdc8b889?s=96&d=mm&r=g\",\"contentUrl\":\"https:\\\/\\\/secure.gravatar.com\\\/avatar\\\/6426ed3ffb4c14b828856bf52e03bdca67952ce930b07d5898ed2843cdc8b889?s=96&d=mm&r=g\",\"caption\":\"Kortabitarte(e)ko Irati\"},\"url\":\"https:\\\/\\\/emakumeakzientzian.eus\\\/es\\\/author\\\/irati\\\/\"}]}<\/script>\n<!-- \/ Yoast SEO plugin. -->","yoast_head_json":{"title":"Cient\u00edficas de ayer y de hoy en la Donostia WeekINN - Emakumeak zientzian","robots":{"index":"index","follow":"follow","max-snippet":"max-snippet:-1","max-image-preview":"max-image-preview:large","max-video-preview":"max-video-preview:-1"},"canonical":"https:\/\/emakumeakzientzian.eus\/es\/cientificas-de-ayer-y-de-hoy-en-la-donostia-weekinn\/","og_locale":"es_ES","og_type":"article","og_title":"Cient\u00edficas de ayer y de hoy en la Donostia WeekINN - Emakumeak zientzian","og_description":"Cient\u00edficas de ayer y de hoy en la Donostia WeekINN 28 DE OCTUBRE, 19:00 Aquarium de Donostia \/ San Sebasti\u00e1n y Streaming Pod\u00e9is seguir v\u00eda streaming Dentro de la semana WeekINN organizada por FOMENTO DSS, la iniciativa&nbsp;#Emakumeakzientzian&nbsp;presenta, \u201cCient\u00edficas de ayer y de hoy\u201d. Cinco mujeres cient\u00edficas que desempe\u00f1an su labor en diferentes centros del entorno...","og_url":"https:\/\/emakumeakzientzian.eus\/es\/cientificas-de-ayer-y-de-hoy-en-la-donostia-weekinn\/","og_site_name":"Emakumeak zientzian","article_published_time":"2020-10-20T20:28:14+00:00","article_modified_time":"2020-10-26T18:59:08+00:00","og_image":[{"width":1920,"height":1080,"url":"https:\/\/emakumeakzientzian.eus\/wp-content\/uploads\/2020\/10\/CIENTIFICAS-DE-AYER-Y-DE-HOY-1.png","type":"image\/png"}],"author":"Kortabitarte(e)ko Irati","twitter_card":"summary_large_image","twitter_misc":{"Escrito por":"Kortabitarte(e)ko Irati","Tiempo de lectura":"3 minutos"},"schema":{"@context":"https:\/\/schema.org","@graph":[{"@type":"Article","@id":"https:\/\/emakumeakzientzian.eus\/es\/cientificas-de-ayer-y-de-hoy-en-la-donostia-weekinn\/#article","isPartOf":{"@id":"https:\/\/emakumeakzientzian.eus\/es\/cientificas-de-ayer-y-de-hoy-en-la-donostia-weekinn\/"},"author":{"name":"Kortabitarte(e)ko Irati","@id":"https:\/\/emakumeakzientzian.eus\/es\/#\/schema\/person\/73b2a7020ae46008c513020b3af78833"},"headline":"Cient\u00edficas de ayer y de hoy en la Donostia WeekINN","datePublished":"2020-10-20T20:28:14+00:00","dateModified":"2020-10-26T18:59:08+00:00","mainEntityOfPage":{"@id":"https:\/\/emakumeakzientzian.eus\/es\/cientificas-de-ayer-y-de-hoy-en-la-donostia-weekinn\/"},"wordCount":679,"publisher":{"@id":"https:\/\/emakumeakzientzian.eus\/es\/#organization"},"image":{"@id":"https:\/\/emakumeakzientzian.eus\/es\/cientificas-de-ayer-y-de-hoy-en-la-donostia-weekinn\/#primaryimage"},"thumbnailUrl":"https:\/\/emakumeakzientzian.eus\/wp-content\/uploads\/2020\/10\/CIENTIFICAS-DE-AYER-Y-DE-HOY-1.png","articleSection":["Sin categorizar"],"inLanguage":"es"},{"@type":"WebPage","@id":"https:\/\/emakumeakzientzian.eus\/es\/cientificas-de-ayer-y-de-hoy-en-la-donostia-weekinn\/","url":"https:\/\/emakumeakzientzian.eus\/es\/cientificas-de-ayer-y-de-hoy-en-la-donostia-weekinn\/","name":"Cient\u00edficas de ayer y de hoy en la Donostia WeekINN - Emakumeak zientzian","isPartOf":{"@id":"https:\/\/emakumeakzientzian.eus\/es\/#website"},"primaryImageOfPage":{"@id":"https:\/\/emakumeakzientzian.eus\/es\/cientificas-de-ayer-y-de-hoy-en-la-donostia-weekinn\/#primaryimage"},"image":{"@id":"https:\/\/emakumeakzientzian.eus\/es\/cientificas-de-ayer-y-de-hoy-en-la-donostia-weekinn\/#primaryimage"},"thumbnailUrl":"https:\/\/emakumeakzientzian.eus\/wp-content\/uploads\/2020\/10\/CIENTIFICAS-DE-AYER-Y-DE-HOY-1.png","datePublished":"2020-10-20T20:28:14+00:00","dateModified":"2020-10-26T18:59:08+00:00","breadcrumb":{"@id":"https:\/\/emakumeakzientzian.eus\/es\/cientificas-de-ayer-y-de-hoy-en-la-donostia-weekinn\/#breadcrumb"},"inLanguage":"es","potentialAction":[{"@type":"ReadAction","target":["https:\/\/emakumeakzientzian.eus\/es\/cientificas-de-ayer-y-de-hoy-en-la-donostia-weekinn\/"]}]},{"@type":"ImageObject","inLanguage":"es","@id":"https:\/\/emakumeakzientzian.eus\/es\/cientificas-de-ayer-y-de-hoy-en-la-donostia-weekinn\/#primaryimage","url":"https:\/\/emakumeakzientzian.eus\/wp-content\/uploads\/2020\/10\/CIENTIFICAS-DE-AYER-Y-DE-HOY-1.png","contentUrl":"https:\/\/emakumeakzientzian.eus\/wp-content\/uploads\/2020\/10\/CIENTIFICAS-DE-AYER-Y-DE-HOY-1.png","width":1920,"height":1080},{"@type":"BreadcrumbList","@id":"https:\/\/emakumeakzientzian.eus\/es\/cientificas-de-ayer-y-de-hoy-en-la-donostia-weekinn\/#breadcrumb","itemListElement":[{"@type":"ListItem","position":1,"name":"Home","item":"https:\/\/emakumeakzientzian.eus\/es\/"},{"@type":"ListItem","position":2,"name":"Cient\u00edficas de ayer y de hoy en la Donostia WeekINN"}]},{"@type":"WebSite","@id":"https:\/\/emakumeakzientzian.eus\/es\/#website","url":"https:\/\/emakumeakzientzian.eus\/es\/","name":"Emakumeak zientzian","description":"Emakumeak zientzian jardunaldiak","publisher":{"@id":"https:\/\/emakumeakzientzian.eus\/es\/#organization"},"potentialAction":[{"@type":"SearchAction","target":{"@type":"EntryPoint","urlTemplate":"https:\/\/emakumeakzientzian.eus\/es\/?s={search_term_string}"},"query-input":{"@type":"PropertyValueSpecification","valueRequired":true,"valueName":"search_term_string"}}],"inLanguage":"es"},{"@type":"Organization","@id":"https:\/\/emakumeakzientzian.eus\/es\/#organization","name":"Emakumeak Zientzian","url":"https:\/\/emakumeakzientzian.eus\/es\/","logo":{"@type":"ImageObject","inLanguage":"es","@id":"https:\/\/emakumeakzientzian.eus\/es\/#\/schema\/logo\/image\/","url":"https:\/\/emakumeakzientzian.eus\/wp-content\/uploads\/2022\/11\/Logo-EEZZ.png","contentUrl":"https:\/\/emakumeakzientzian.eus\/wp-content\/uploads\/2022\/11\/Logo-EEZZ.png","width":1364,"height":1396,"caption":"Emakumeak Zientzian"},"image":{"@id":"https:\/\/emakumeakzientzian.eus\/es\/#\/schema\/logo\/image\/"}},{"@type":"Person","@id":"https:\/\/emakumeakzientzian.eus\/es\/#\/schema\/person\/73b2a7020ae46008c513020b3af78833","name":"Kortabitarte(e)ko Irati","image":{"@type":"ImageObject","inLanguage":"es","@id":"https:\/\/secure.gravatar.com\/avatar\/6426ed3ffb4c14b828856bf52e03bdca67952ce930b07d5898ed2843cdc8b889?s=96&d=mm&r=g","url":"https:\/\/secure.gravatar.com\/avatar\/6426ed3ffb4c14b828856bf52e03bdca67952ce930b07d5898ed2843cdc8b889?s=96&d=mm&r=g","contentUrl":"https:\/\/secure.gravatar.com\/avatar\/6426ed3ffb4c14b828856bf52e03bdca67952ce930b07d5898ed2843cdc8b889?s=96&d=mm&r=g","caption":"Kortabitarte(e)ko Irati"},"url":"https:\/\/emakumeakzientzian.eus\/es\/author\/irati\/"}]}},"_links":{"self":[{"href":"https:\/\/emakumeakzientzian.eus\/es\/wp-json\/wp\/v2\/posts\/969","targetHints":{"allow":["GET"]}}],"collection":[{"href":"https:\/\/emakumeakzientzian.eus\/es\/wp-json\/wp\/v2\/posts"}],"about":[{"href":"https:\/\/emakumeakzientzian.eus\/es\/wp-json\/wp\/v2\/types\/post"}],"author":[{"embeddable":true,"href":"https:\/\/emakumeakzientzian.eus\/es\/wp-json\/wp\/v2\/users\/2"}],"replies":[{"embeddable":true,"href":"https:\/\/emakumeakzientzian.eus\/es\/wp-json\/wp\/v2\/comments?post=969"}],"version-history":[{"count":11,"href":"https:\/\/emakumeakzientzian.eus\/es\/wp-json\/wp\/v2\/posts\/969\/revisions"}],"predecessor-version":[{"id":1005,"href":"https:\/\/emakumeakzientzian.eus\/es\/wp-json\/wp\/v2\/posts\/969\/revisions\/1005"}],"wp:featuredmedia":[{"embeddable":true,"href":"https:\/\/emakumeakzientzian.eus\/es\/wp-json\/wp\/v2\/media\/982"}],"wp:attachment":[{"href":"https:\/\/emakumeakzientzian.eus\/es\/wp-json\/wp\/v2\/media?parent=969"}],"wp:term":[{"taxonomy":"category","embeddable":true,"href":"https:\/\/emakumeakzientzian.eus\/es\/wp-json\/wp\/v2\/categories?post=969"},{"taxonomy":"post_tag","embeddable":true,"href":"https:\/\/emakumeakzientzian.eus\/es\/wp-json\/wp\/v2\/tags?post=969"}],"curies":[{"name":"wp","href":"https:\/\/api.w.org\/{rel}","templated":true}]}}