{"id":8677,"date":"2026-01-14T11:47:17","date_gmt":"2026-01-14T10:47:17","guid":{"rendered":"https:\/\/emakumeakzientzian.eus\/?p=8677"},"modified":"2026-01-15T08:12:27","modified_gmt":"2026-01-15T07:12:27","slug":"emakumeak-zientzian-una-decada-tejiendo-redes","status":"publish","type":"post","link":"https:\/\/emakumeakzientzian.eus\/es\/emakumeak-zientzian-una-decada-tejiendo-redes\/","title":{"rendered":"Emakumeak Zientzian, una d\u00e9cada  tejiendo redes"},"content":{"rendered":"<p><b>* Treinta y cuatro entidades vascas se unen para organizar un amplio programa de actividades que pone en valor la fuerza de lo colectivo en la 10\u00aa edici\u00f3n de Emakumeak Zientzian.<br \/>\n<\/b><\/p>\n<p><b>*\u201cMarea bizia gara\u201d \/ \u201cSomos marea viva\u201d es una forma de entender el proyecto y el camino que quiere seguir recorriendo.<br \/>\n<\/b><\/p>\n<p><b>* Ya est\u00e1n abiertas las inscripciones a las distintas actividades en <a href=\"https:\/\/emakumeakzientzian.eus\/es\/programa-2026\/\">este apartado<\/a>.<\/b><\/p>\n<p><img loading=\"lazy\" decoding=\"async\" class=\"aligncenter wp-image-8685 size-large\" src=\"https:\/\/emakumeakzientzian.eus\/wp-content\/uploads\/2026\/01\/eezz-prentsa--1024x682.jpg\" alt=\"\" width=\"1024\" height=\"682\" srcset=\"https:\/\/emakumeakzientzian.eus\/wp-content\/uploads\/2026\/01\/eezz-prentsa--1024x682.jpg 1024w, https:\/\/emakumeakzientzian.eus\/wp-content\/uploads\/2026\/01\/eezz-prentsa--300x200.jpg 300w, https:\/\/emakumeakzientzian.eus\/wp-content\/uploads\/2026\/01\/eezz-prentsa--503x335.jpg 503w, https:\/\/emakumeakzientzian.eus\/wp-content\/uploads\/2026\/01\/eezz-prentsa-.jpg 1280w\" sizes=\"auto, (max-width: 1024px) 100vw, 1024px\" \/><\/p>\n<p><b>Vitoria-Gasteiz, a 14 de enero de 2026. <\/b><i><span style=\"font-weight: 400;\">Emakumeak Zientzian<\/span><\/i><span style=\"font-weight: 400;\"> celebra su d\u00e9cima edici\u00f3n con una mirada que no se queda solo en lo recorrido, sino que se proyecta hacia el futuro. Diez a\u00f1os despu\u00e9s de su nacimiento, el proyecto se reafirma en una convicci\u00f3n clara: aunque se han realizado avances, las desigualdades en ciencia persisten. Persisten en c\u00f3mo se construye el conocimiento, en qui\u00e9n tiene voz, en qui\u00e9n lidera y en qui\u00e9n contin\u00faa quedando al margen. Llegar hasta aqu\u00ed ha supuesto tambi\u00e9n detenerse a reflexionar sobre por qu\u00e9 es necesario seguir y en esta edici\u00f3n bajo el lema <\/span><b>\u201cMarea bizia gara\u201d \/ \u201cSomos marea viva\u201d<\/b><span style=\"font-weight: 400;\">, treinta y cuatro entidades vascas ponen el acento en la fuerza de lo colectivo en la organizaci\u00f3n de un programa de actividades con motivo del D\u00eda Internacional de la Mujer y la Ni\u00f1a en la Ciencia, que se celebra cada a\u00f1o el 11 de febrero.<\/span><\/p>\n<p><span style=\"font-weight: 400;\">\u201cUna marea viva avanza gracias a muchas aportaciones peque\u00f1as que, juntas, generan movimiento. No depende de una sola persona ni de una \u00fanica acci\u00f3n. Ese es, precisamente, el esp\u00edritu de <\/span><i><span style=\"font-weight: 400;\">Emakumeak Zientzian<\/span><\/i><span style=\"font-weight: 400;\">: un proyecto en red que impulsa la participaci\u00f3n de las mujeres, apuesta por una ciencia m\u00e1s abierta, justa y conectada con la sociedad, y trabaja para inspirar vocaciones cient\u00edficas sin estereotipos\u201d, se\u00f1ala la organizaci\u00f3n de <\/span><i><span style=\"font-weight: 400;\">Emakumeak Zientzian<\/span><\/i><span style=\"font-weight: 400;\">. \u201cMarea bizia gara\u201d \/ \u201cSomos marea viva\u201d no es solo un lema, sino una forma de entender el proyecto y el camino que quiere seguir recorriendo. Un camino que se construye desde la colaboraci\u00f3n, el compromiso y la convicci\u00f3n de que una ciencia m\u00e1s diversa es tambi\u00e9n una ciencia mejor.<\/span><\/p>\n<p><span style=\"font-weight: 400;\">La programaci\u00f3n de <\/span><i><span style=\"font-weight: 400;\">Emakumeak Zientzian<\/span><\/i> <i><span style=\"font-weight: 400;\">2026<\/span><\/i><span style=\"font-weight: 400;\"> se concentrar\u00e1 en la semana del 3 al 11 de febrero. Se ha dise\u00f1ado un extenso programa de m\u00e1s de <\/span><span style=\"font-weight: 400;\">XX<\/span><span style=\"font-weight: 400;\"> actividades, abarcando todo el territorio del Pa\u00eds Vasco para subrayar c\u00f3mo las peque\u00f1as acciones, juntas, generan un gran movimiento. \u201c<\/span><i><span style=\"font-weight: 400;\">Emakumeak Zientzian<\/span><\/i><span style=\"font-weight: 400;\"> es una red que ha crecido gracias al compromiso compartido y a la convicci\u00f3n de que el cambio s\u00f3lo es posible si es colectivo.\u201d, a\u00f1ade la organizaci\u00f3n de <\/span><i><span style=\"font-weight: 400;\">Emakumeak Zientzian<\/span><\/i><span style=\"font-weight: 400;\">.\u00a0<\/span><\/p>\n<p><span style=\"font-weight: 400;\">Esta d\u00e9cima edici\u00f3n arrancar\u00e1 conjuntamente en Donostia, Bilbao y Vitoria-Gasteiz el 3 de febrero con el exitoso evento <\/span><b><i>Cient\u00edficas de ayer y de hoy<\/i><\/b><span style=\"font-weight: 400;\"> que reunir\u00e1 a destacadas cient\u00edficas que trabajan en diversos campos de la investigaci\u00f3n. A partir de esa fecha, se llevar\u00e1n a cabo actividades dirigidas al p\u00fablico de todas las edades. La comunidad cient\u00edfica, por ejemplo, podr\u00e1 participar la mesa redonda <\/span><b><i>Pasemos a la acci\u00f3n en igualdad y ciencia<\/i><\/b><span style=\"font-weight: 400;\">, con ponentes de alto nivel como Petra Rudolf, Silvia Rueda Pascual y Sara Clavero. Adem\u00e1s de las tradicionales visitas de estudiantes a centros de investigaci\u00f3n, las y los adolescentes podr\u00e1n conocer los laboratorios de CIC nanoGUNE en la actividad <\/span><b><i>Visita al nanomundo <\/i><\/b><span style=\"font-weight: 400;\">o tomar muestras marinas en un velero de Navegavela. Las familias tendr\u00e1n ocasi\u00f3n de realizar un recorrido divulgativo por la historia geol\u00f3gica de la ciudad de San Sebasti\u00e1n a trav\u00e9s de sus rocas y paisajes. Y como todos los a\u00f1os se celebrar\u00e1n m\u00faltiples actividades dirigidas espec\u00edficamente a mujeres mayores de 55 a\u00f1os, resaltando su papel como transmisoras de cultura.<\/span><\/p>\n<p><span style=\"font-weight: 400;\">Las actividades de esta d\u00e9cima edici\u00f3n culminar\u00e1n el 11 de febrero, coincidiendo con el D\u00eda Internacional de la Mujer y la Ni\u00f1a en la Ciencia, con un acto festivo en el Aquarium de San Sebasti\u00e1n. Este encuentro final servir\u00e1 para compartir el resultado de un proceso de reflexi\u00f3n que ha dado lugar a un manifiesto o plan de acci\u00f3n que marcar\u00e1 las l\u00edneas de futuro de <\/span><i><span style=\"font-weight: 400;\">Emakumeak Zientzian<\/span><\/i><span style=\"font-weight: 400;\"> y que se convertir\u00e1 en el eje central de la celebraci\u00f3n.<\/span><\/p>\n<p><span style=\"font-weight: 400;\">El programa completo de actividades est\u00e1 disponible desde hoy en <a href=\"https:\/\/emakumeakzientzian.eus\/es\/programa-2026\/\">este apartado <\/a><\/span><span style=\"font-weight: 400;\">y ya est\u00e1n abiertas las inscripciones a las distintas actividades.<\/span><\/p>\n<p><span style=\"font-weight: 400;\">Las 34 entidades que participan en la 10.\u00aa edici\u00f3n de <\/span><i><span style=\"font-weight: 400;\">Emakumeak Zientzian <\/span><\/i><span style=\"font-weight: 400;\">son una muestra representativa del tejido de la ciencia y la tecnolog\u00eda en Euskadi: Basque Center for Applied Mathematics (BCAM), Basque Center on Cognition, Brain and Language (BCBL), BCMaterials, Biogipuzkoa, CIC bioGUNE, Donostia International Physics Center (DIPC), Elhuyar, EHU Informatika, EHU Kimika, Achucarro, Aranzadi, AZTI, Basque Artifcial Intelligence Center (BAIC), Basque Centre for Climate Change (BC3), Biofisika Institutua, CEIT, el Centro de F\u00edsica de Materiales (CFM CSIC-EHU), CIC biomaGUNE, ,CIC energiGUNE, CIC nanoGUNE, Cidetec, EHU Farmazia Fakultatea, EHU Ingeniaritza Eskola Gipuzkoa, EESS Bilbao, Ikerlan, Ingeniariak, Kutxa Fundazioa, Mondragon Unibertsitatea, Euskadiko Parke Teknologikoa, POLYMAT, Tecnun &#8211; Universidad de Navarra, Tecnalia, Universidad de Deusto y Vicomtech.<\/span><\/p>\n<p><i><span style=\"font-weight: 400;\">Emakumeak Zientzian 2026<\/span><\/i><span style=\"font-weight: 400;\"> cuenta con el apoyo destacado de la Diputaci\u00f3n Foral de Bizkaia, la Diputaci\u00f3n Foral de Gipuzkoa, Diputaci\u00f3n Foral de \u00c1lava, Fomento San Sebasti\u00e1n, Bilbao Ekintza, la alianza Basque Research &amp; Technology Alliance (BRTA), Ikerbasque,, MUBIL y Salto System, as\u00ed como con la colaboraci\u00f3n de las siguientes entidades y organismos: el Consejo Superior de Investigaciones Cient\u00edficas (CSIC), la Fundaci\u00f3n Espa\u00f1ola de Ciencia y Tecnolog\u00eda (FECYT), la Agencia Estatal de Investigaci\u00f3n a trav\u00e9s de los centros Severo Ochoa y Mar\u00eda de Maeztu adheridos a la iniciativa, la Filmoteca Vasca y el Festival Internacional de Cine de San Sebasti\u00e1n, Biook, Skills4Science, Laboratorium Bergara, Emakunde, Lemniksata, la Direcci\u00f3n de Igualdad de la UPV\/EHU, el Aquarium de San Sebasti\u00e1n, San Sebasti\u00e1n Convention Bureau y el Servicio de Igualdad del ayuntamiento de Eibar.<\/span><\/p>\n","protected":false},"excerpt":{"rendered":"<p>* Treinta y cuatro entidades vascas se unen para organizar un amplio programa de actividades que pone en valor la fuerza de lo colectivo en la 10\u00aa edici\u00f3n de Emakumeak Zientzian. *\u201cMarea bizia gara\u201d \/ \u201cSomos marea viva\u201d es una forma de entender el proyecto y el camino que quiere seguir recorriendo. * Ya est\u00e1n&#8230;<\/p>\n","protected":false},"author":3,"featured_media":8685,"comment_status":"closed","ping_status":"open","sticky":false,"template":"","format":"standard","meta":{"_acf_changed":false,"footnotes":""},"categories":[2],"tags":[],"class_list":["post-8677","post","type-post","status-publish","format-standard","has-post-thumbnail","hentry","category-sin-categorizar"],"acf":[],"yoast_head":"<!-- This site is optimized with the Yoast SEO plugin v27.3 - https:\/\/yoast.com\/product\/yoast-seo-wordpress\/ -->\n<title>Emakumeak Zientzian, una d\u00e9cada tejiendo redes - Emakumeak zientzian<\/title>\n<meta name=\"robots\" content=\"index, follow, max-snippet:-1, max-image-preview:large, max-video-preview:-1\" \/>\n<link rel=\"canonical\" href=\"https:\/\/emakumeakzientzian.eus\/es\/emakumeak-zientzian-una-decada-tejiendo-redes\/\" \/>\n<meta property=\"og:locale\" content=\"es_ES\" \/>\n<meta property=\"og:type\" content=\"article\" \/>\n<meta property=\"og:title\" content=\"Emakumeak Zientzian, una d\u00e9cada tejiendo redes - Emakumeak zientzian\" \/>\n<meta property=\"og:description\" content=\"* Treinta y cuatro entidades vascas se unen para organizar un amplio programa de actividades que pone en valor la fuerza de lo colectivo en la 10\u00aa edici\u00f3n de Emakumeak Zientzian. *\u201cMarea bizia gara\u201d \/ \u201cSomos marea viva\u201d es una forma de entender el proyecto y el camino que quiere seguir recorriendo. * Ya est\u00e1n...\" \/>\n<meta property=\"og:url\" content=\"https:\/\/emakumeakzientzian.eus\/es\/emakumeak-zientzian-una-decada-tejiendo-redes\/\" \/>\n<meta property=\"og:site_name\" content=\"Emakumeak zientzian\" \/>\n<meta property=\"article:published_time\" content=\"2026-01-14T10:47:17+00:00\" \/>\n<meta property=\"article:modified_time\" content=\"2026-01-15T07:12:27+00:00\" \/>\n<meta property=\"og:image\" content=\"https:\/\/emakumeakzientzian.eus\/wp-content\/uploads\/2026\/01\/eezz-prentsa-.jpg\" \/>\n\t<meta property=\"og:image:width\" content=\"1280\" \/>\n\t<meta property=\"og:image:height\" content=\"853\" \/>\n\t<meta property=\"og:image:type\" content=\"image\/jpeg\" \/>\n<meta name=\"author\" content=\"Medina(e)ko Naikari\" \/>\n<meta name=\"twitter:card\" content=\"summary_large_image\" \/>\n<meta name=\"twitter:label1\" content=\"Escrito por\" \/>\n\t<meta name=\"twitter:data1\" content=\"Medina(e)ko Naikari\" \/>\n\t<meta name=\"twitter:label2\" content=\"Tiempo de lectura\" \/>\n\t<meta name=\"twitter:data2\" content=\"6 minutos\" \/>\n<script type=\"application\/ld+json\" class=\"yoast-schema-graph\">{\"@context\":\"https:\\\/\\\/schema.org\",\"@graph\":[{\"@type\":\"Article\",\"@id\":\"https:\\\/\\\/emakumeakzientzian.eus\\\/es\\\/emakumeak-zientzian-una-decada-tejiendo-redes\\\/#article\",\"isPartOf\":{\"@id\":\"https:\\\/\\\/emakumeakzientzian.eus\\\/es\\\/emakumeak-zientzian-una-decada-tejiendo-redes\\\/\"},\"author\":{\"name\":\"Medina(e)ko Naikari\",\"@id\":\"https:\\\/\\\/emakumeakzientzian.eus\\\/es\\\/#\\\/schema\\\/person\\\/8ac9bd602935d281023672e667a6b1ee\"},\"headline\":\"Emakumeak Zientzian, una d\u00e9cada tejiendo redes\",\"datePublished\":\"2026-01-14T10:47:17+00:00\",\"dateModified\":\"2026-01-15T07:12:27+00:00\",\"mainEntityOfPage\":{\"@id\":\"https:\\\/\\\/emakumeakzientzian.eus\\\/es\\\/emakumeak-zientzian-una-decada-tejiendo-redes\\\/\"},\"wordCount\":1015,\"publisher\":{\"@id\":\"https:\\\/\\\/emakumeakzientzian.eus\\\/es\\\/#organization\"},\"image\":{\"@id\":\"https:\\\/\\\/emakumeakzientzian.eus\\\/es\\\/emakumeak-zientzian-una-decada-tejiendo-redes\\\/#primaryimage\"},\"thumbnailUrl\":\"https:\\\/\\\/emakumeakzientzian.eus\\\/wp-content\\\/uploads\\\/2026\\\/01\\\/eezz-prentsa-.jpg\",\"articleSection\":[\"Sin categorizar\"],\"inLanguage\":\"es\"},{\"@type\":\"WebPage\",\"@id\":\"https:\\\/\\\/emakumeakzientzian.eus\\\/es\\\/emakumeak-zientzian-una-decada-tejiendo-redes\\\/\",\"url\":\"https:\\\/\\\/emakumeakzientzian.eus\\\/es\\\/emakumeak-zientzian-una-decada-tejiendo-redes\\\/\",\"name\":\"Emakumeak Zientzian, una d\u00e9cada tejiendo redes - Emakumeak zientzian\",\"isPartOf\":{\"@id\":\"https:\\\/\\\/emakumeakzientzian.eus\\\/es\\\/#website\"},\"primaryImageOfPage\":{\"@id\":\"https:\\\/\\\/emakumeakzientzian.eus\\\/es\\\/emakumeak-zientzian-una-decada-tejiendo-redes\\\/#primaryimage\"},\"image\":{\"@id\":\"https:\\\/\\\/emakumeakzientzian.eus\\\/es\\\/emakumeak-zientzian-una-decada-tejiendo-redes\\\/#primaryimage\"},\"thumbnailUrl\":\"https:\\\/\\\/emakumeakzientzian.eus\\\/wp-content\\\/uploads\\\/2026\\\/01\\\/eezz-prentsa-.jpg\",\"datePublished\":\"2026-01-14T10:47:17+00:00\",\"dateModified\":\"2026-01-15T07:12:27+00:00\",\"breadcrumb\":{\"@id\":\"https:\\\/\\\/emakumeakzientzian.eus\\\/es\\\/emakumeak-zientzian-una-decada-tejiendo-redes\\\/#breadcrumb\"},\"inLanguage\":\"es\",\"potentialAction\":[{\"@type\":\"ReadAction\",\"target\":[\"https:\\\/\\\/emakumeakzientzian.eus\\\/es\\\/emakumeak-zientzian-una-decada-tejiendo-redes\\\/\"]}]},{\"@type\":\"ImageObject\",\"inLanguage\":\"es\",\"@id\":\"https:\\\/\\\/emakumeakzientzian.eus\\\/es\\\/emakumeak-zientzian-una-decada-tejiendo-redes\\\/#primaryimage\",\"url\":\"https:\\\/\\\/emakumeakzientzian.eus\\\/wp-content\\\/uploads\\\/2026\\\/01\\\/eezz-prentsa-.jpg\",\"contentUrl\":\"https:\\\/\\\/emakumeakzientzian.eus\\\/wp-content\\\/uploads\\\/2026\\\/01\\\/eezz-prentsa-.jpg\",\"width\":1280,\"height\":853},{\"@type\":\"BreadcrumbList\",\"@id\":\"https:\\\/\\\/emakumeakzientzian.eus\\\/es\\\/emakumeak-zientzian-una-decada-tejiendo-redes\\\/#breadcrumb\",\"itemListElement\":[{\"@type\":\"ListItem\",\"position\":1,\"name\":\"Home\",\"item\":\"https:\\\/\\\/emakumeakzientzian.eus\\\/es\\\/\"},{\"@type\":\"ListItem\",\"position\":2,\"name\":\"Emakumeak Zientzian, una d\u00e9cada tejiendo redes\"}]},{\"@type\":\"WebSite\",\"@id\":\"https:\\\/\\\/emakumeakzientzian.eus\\\/es\\\/#website\",\"url\":\"https:\\\/\\\/emakumeakzientzian.eus\\\/es\\\/\",\"name\":\"Emakumeak zientzian\",\"description\":\"Emakumeak zientzian jardunaldiak\",\"publisher\":{\"@id\":\"https:\\\/\\\/emakumeakzientzian.eus\\\/es\\\/#organization\"},\"potentialAction\":[{\"@type\":\"SearchAction\",\"target\":{\"@type\":\"EntryPoint\",\"urlTemplate\":\"https:\\\/\\\/emakumeakzientzian.eus\\\/es\\\/?s={search_term_string}\"},\"query-input\":{\"@type\":\"PropertyValueSpecification\",\"valueRequired\":true,\"valueName\":\"search_term_string\"}}],\"inLanguage\":\"es\"},{\"@type\":\"Organization\",\"@id\":\"https:\\\/\\\/emakumeakzientzian.eus\\\/es\\\/#organization\",\"name\":\"Emakumeak Zientzian\",\"url\":\"https:\\\/\\\/emakumeakzientzian.eus\\\/es\\\/\",\"logo\":{\"@type\":\"ImageObject\",\"inLanguage\":\"es\",\"@id\":\"https:\\\/\\\/emakumeakzientzian.eus\\\/es\\\/#\\\/schema\\\/logo\\\/image\\\/\",\"url\":\"https:\\\/\\\/emakumeakzientzian.eus\\\/wp-content\\\/uploads\\\/2022\\\/11\\\/Logo-EEZZ.png\",\"contentUrl\":\"https:\\\/\\\/emakumeakzientzian.eus\\\/wp-content\\\/uploads\\\/2022\\\/11\\\/Logo-EEZZ.png\",\"width\":1364,\"height\":1396,\"caption\":\"Emakumeak Zientzian\"},\"image\":{\"@id\":\"https:\\\/\\\/emakumeakzientzian.eus\\\/es\\\/#\\\/schema\\\/logo\\\/image\\\/\"}},{\"@type\":\"Person\",\"@id\":\"https:\\\/\\\/emakumeakzientzian.eus\\\/es\\\/#\\\/schema\\\/person\\\/8ac9bd602935d281023672e667a6b1ee\",\"name\":\"Medina(e)ko Naikari\",\"image\":{\"@type\":\"ImageObject\",\"inLanguage\":\"es\",\"@id\":\"https:\\\/\\\/secure.gravatar.com\\\/avatar\\\/0fb9319d677e05831a36293cb7e4a445b86e88a3657c9ebe2056c3539673a4d5?s=96&d=mm&r=g\",\"url\":\"https:\\\/\\\/secure.gravatar.com\\\/avatar\\\/0fb9319d677e05831a36293cb7e4a445b86e88a3657c9ebe2056c3539673a4d5?s=96&d=mm&r=g\",\"contentUrl\":\"https:\\\/\\\/secure.gravatar.com\\\/avatar\\\/0fb9319d677e05831a36293cb7e4a445b86e88a3657c9ebe2056c3539673a4d5?s=96&d=mm&r=g\",\"caption\":\"Medina(e)ko Naikari\"},\"url\":\"https:\\\/\\\/emakumeakzientzian.eus\\\/es\\\/author\\\/naikari-digital\\\/\"}]}<\/script>\n<!-- \/ Yoast SEO plugin. -->","yoast_head_json":{"title":"Emakumeak Zientzian, una d\u00e9cada tejiendo redes - Emakumeak zientzian","robots":{"index":"index","follow":"follow","max-snippet":"max-snippet:-1","max-image-preview":"max-image-preview:large","max-video-preview":"max-video-preview:-1"},"canonical":"https:\/\/emakumeakzientzian.eus\/es\/emakumeak-zientzian-una-decada-tejiendo-redes\/","og_locale":"es_ES","og_type":"article","og_title":"Emakumeak Zientzian, una d\u00e9cada tejiendo redes - Emakumeak zientzian","og_description":"* Treinta y cuatro entidades vascas se unen para organizar un amplio programa de actividades que pone en valor la fuerza de lo colectivo en la 10\u00aa edici\u00f3n de Emakumeak Zientzian. *\u201cMarea bizia gara\u201d \/ \u201cSomos marea viva\u201d es una forma de entender el proyecto y el camino que quiere seguir recorriendo. * Ya est\u00e1n...","og_url":"https:\/\/emakumeakzientzian.eus\/es\/emakumeak-zientzian-una-decada-tejiendo-redes\/","og_site_name":"Emakumeak zientzian","article_published_time":"2026-01-14T10:47:17+00:00","article_modified_time":"2026-01-15T07:12:27+00:00","og_image":[{"width":1280,"height":853,"url":"https:\/\/emakumeakzientzian.eus\/wp-content\/uploads\/2026\/01\/eezz-prentsa-.jpg","type":"image\/jpeg"}],"author":"Medina(e)ko Naikari","twitter_card":"summary_large_image","twitter_misc":{"Escrito por":"Medina(e)ko Naikari","Tiempo de lectura":"6 minutos"},"schema":{"@context":"https:\/\/schema.org","@graph":[{"@type":"Article","@id":"https:\/\/emakumeakzientzian.eus\/es\/emakumeak-zientzian-una-decada-tejiendo-redes\/#article","isPartOf":{"@id":"https:\/\/emakumeakzientzian.eus\/es\/emakumeak-zientzian-una-decada-tejiendo-redes\/"},"author":{"name":"Medina(e)ko Naikari","@id":"https:\/\/emakumeakzientzian.eus\/es\/#\/schema\/person\/8ac9bd602935d281023672e667a6b1ee"},"headline":"Emakumeak Zientzian, una d\u00e9cada tejiendo redes","datePublished":"2026-01-14T10:47:17+00:00","dateModified":"2026-01-15T07:12:27+00:00","mainEntityOfPage":{"@id":"https:\/\/emakumeakzientzian.eus\/es\/emakumeak-zientzian-una-decada-tejiendo-redes\/"},"wordCount":1015,"publisher":{"@id":"https:\/\/emakumeakzientzian.eus\/es\/#organization"},"image":{"@id":"https:\/\/emakumeakzientzian.eus\/es\/emakumeak-zientzian-una-decada-tejiendo-redes\/#primaryimage"},"thumbnailUrl":"https:\/\/emakumeakzientzian.eus\/wp-content\/uploads\/2026\/01\/eezz-prentsa-.jpg","articleSection":["Sin categorizar"],"inLanguage":"es"},{"@type":"WebPage","@id":"https:\/\/emakumeakzientzian.eus\/es\/emakumeak-zientzian-una-decada-tejiendo-redes\/","url":"https:\/\/emakumeakzientzian.eus\/es\/emakumeak-zientzian-una-decada-tejiendo-redes\/","name":"Emakumeak Zientzian, una d\u00e9cada tejiendo redes - Emakumeak zientzian","isPartOf":{"@id":"https:\/\/emakumeakzientzian.eus\/es\/#website"},"primaryImageOfPage":{"@id":"https:\/\/emakumeakzientzian.eus\/es\/emakumeak-zientzian-una-decada-tejiendo-redes\/#primaryimage"},"image":{"@id":"https:\/\/emakumeakzientzian.eus\/es\/emakumeak-zientzian-una-decada-tejiendo-redes\/#primaryimage"},"thumbnailUrl":"https:\/\/emakumeakzientzian.eus\/wp-content\/uploads\/2026\/01\/eezz-prentsa-.jpg","datePublished":"2026-01-14T10:47:17+00:00","dateModified":"2026-01-15T07:12:27+00:00","breadcrumb":{"@id":"https:\/\/emakumeakzientzian.eus\/es\/emakumeak-zientzian-una-decada-tejiendo-redes\/#breadcrumb"},"inLanguage":"es","potentialAction":[{"@type":"ReadAction","target":["https:\/\/emakumeakzientzian.eus\/es\/emakumeak-zientzian-una-decada-tejiendo-redes\/"]}]},{"@type":"ImageObject","inLanguage":"es","@id":"https:\/\/emakumeakzientzian.eus\/es\/emakumeak-zientzian-una-decada-tejiendo-redes\/#primaryimage","url":"https:\/\/emakumeakzientzian.eus\/wp-content\/uploads\/2026\/01\/eezz-prentsa-.jpg","contentUrl":"https:\/\/emakumeakzientzian.eus\/wp-content\/uploads\/2026\/01\/eezz-prentsa-.jpg","width":1280,"height":853},{"@type":"BreadcrumbList","@id":"https:\/\/emakumeakzientzian.eus\/es\/emakumeak-zientzian-una-decada-tejiendo-redes\/#breadcrumb","itemListElement":[{"@type":"ListItem","position":1,"name":"Home","item":"https:\/\/emakumeakzientzian.eus\/es\/"},{"@type":"ListItem","position":2,"name":"Emakumeak Zientzian, una d\u00e9cada tejiendo redes"}]},{"@type":"WebSite","@id":"https:\/\/emakumeakzientzian.eus\/es\/#website","url":"https:\/\/emakumeakzientzian.eus\/es\/","name":"Emakumeak zientzian","description":"Emakumeak zientzian jardunaldiak","publisher":{"@id":"https:\/\/emakumeakzientzian.eus\/es\/#organization"},"potentialAction":[{"@type":"SearchAction","target":{"@type":"EntryPoint","urlTemplate":"https:\/\/emakumeakzientzian.eus\/es\/?s={search_term_string}"},"query-input":{"@type":"PropertyValueSpecification","valueRequired":true,"valueName":"search_term_string"}}],"inLanguage":"es"},{"@type":"Organization","@id":"https:\/\/emakumeakzientzian.eus\/es\/#organization","name":"Emakumeak Zientzian","url":"https:\/\/emakumeakzientzian.eus\/es\/","logo":{"@type":"ImageObject","inLanguage":"es","@id":"https:\/\/emakumeakzientzian.eus\/es\/#\/schema\/logo\/image\/","url":"https:\/\/emakumeakzientzian.eus\/wp-content\/uploads\/2022\/11\/Logo-EEZZ.png","contentUrl":"https:\/\/emakumeakzientzian.eus\/wp-content\/uploads\/2022\/11\/Logo-EEZZ.png","width":1364,"height":1396,"caption":"Emakumeak Zientzian"},"image":{"@id":"https:\/\/emakumeakzientzian.eus\/es\/#\/schema\/logo\/image\/"}},{"@type":"Person","@id":"https:\/\/emakumeakzientzian.eus\/es\/#\/schema\/person\/8ac9bd602935d281023672e667a6b1ee","name":"Medina(e)ko Naikari","image":{"@type":"ImageObject","inLanguage":"es","@id":"https:\/\/secure.gravatar.com\/avatar\/0fb9319d677e05831a36293cb7e4a445b86e88a3657c9ebe2056c3539673a4d5?s=96&d=mm&r=g","url":"https:\/\/secure.gravatar.com\/avatar\/0fb9319d677e05831a36293cb7e4a445b86e88a3657c9ebe2056c3539673a4d5?s=96&d=mm&r=g","contentUrl":"https:\/\/secure.gravatar.com\/avatar\/0fb9319d677e05831a36293cb7e4a445b86e88a3657c9ebe2056c3539673a4d5?s=96&d=mm&r=g","caption":"Medina(e)ko Naikari"},"url":"https:\/\/emakumeakzientzian.eus\/es\/author\/naikari-digital\/"}]}},"_links":{"self":[{"href":"https:\/\/emakumeakzientzian.eus\/es\/wp-json\/wp\/v2\/posts\/8677","targetHints":{"allow":["GET"]}}],"collection":[{"href":"https:\/\/emakumeakzientzian.eus\/es\/wp-json\/wp\/v2\/posts"}],"about":[{"href":"https:\/\/emakumeakzientzian.eus\/es\/wp-json\/wp\/v2\/types\/post"}],"author":[{"embeddable":true,"href":"https:\/\/emakumeakzientzian.eus\/es\/wp-json\/wp\/v2\/users\/3"}],"replies":[{"embeddable":true,"href":"https:\/\/emakumeakzientzian.eus\/es\/wp-json\/wp\/v2\/comments?post=8677"}],"version-history":[{"count":3,"href":"https:\/\/emakumeakzientzian.eus\/es\/wp-json\/wp\/v2\/posts\/8677\/revisions"}],"predecessor-version":[{"id":8890,"href":"https:\/\/emakumeakzientzian.eus\/es\/wp-json\/wp\/v2\/posts\/8677\/revisions\/8890"}],"wp:featuredmedia":[{"embeddable":true,"href":"https:\/\/emakumeakzientzian.eus\/es\/wp-json\/wp\/v2\/media\/8685"}],"wp:attachment":[{"href":"https:\/\/emakumeakzientzian.eus\/es\/wp-json\/wp\/v2\/media?parent=8677"}],"wp:term":[{"taxonomy":"category","embeddable":true,"href":"https:\/\/emakumeakzientzian.eus\/es\/wp-json\/wp\/v2\/categories?post=8677"},{"taxonomy":"post_tag","embeddable":true,"href":"https:\/\/emakumeakzientzian.eus\/es\/wp-json\/wp\/v2\/tags?post=8677"}],"curies":[{"name":"wp","href":"https:\/\/api.w.org\/{rel}","templated":true}]}}