{"id":726,"date":"2020-02-07T21:00:00","date_gmt":"2020-02-07T20:00:00","guid":{"rendered":"https:\/\/emakumeakzientzian.eus\/?p=726"},"modified":"2020-02-13T09:38:17","modified_gmt":"2020-02-13T08:38:17","slug":"cientificas-de-ayer-de-hoy-y-del-futuro-en-el-arranque-deemakumeak-zientzian-2020","status":"publish","type":"post","link":"https:\/\/emakumeakzientzian.eus\/es\/cientificas-de-ayer-de-hoy-y-del-futuro-en-el-arranque-deemakumeak-zientzian-2020\/","title":{"rendered":"Cient\u00edficas de ayer, de hoy y del futuro en el arranque de\u201cEmakumeak Zientzian 2020\u201d"},"content":{"rendered":"\n<h2 class=\"wp-block-heading\">Cient\u00edficas de ayer, de hoy y del futuro en el arranque de\u201cEmakumeak Zientzian 2020\u201d<\/h2>\n\n\n\n<ul class=\"wp-block-list\"><li><strong>Arranca el programa \u201cemakumeak zientzian 2020\u201d que durante una semana quiere demostrar que la ciencia se escribe y se escribir\u00e1 en femenino.<\/strong><\/li><\/ul>\n\n\n\n<ul class=\"wp-block-list\"><li><strong>En el <\/strong><strong>taller \u201cLa ciencia s\u00ed es cosa de\nchicas\u201d celebrado hoy, mujeres adolescentes han tenido la oportunidad de ser\n\u201ccient\u00edficas por un d\u00eda\u201d y formar parte de un equipo de investigaci\u00f3n real. <\/strong><strong>&nbsp;<\/strong><\/li><\/ul>\n\n\n\n<ul class=\"wp-block-list\"><li><strong>A la noche, <\/strong><strong>6 investigadoras de aqu\u00ed y de hoy se\nhan subido al escenario para presentar su trabajo y su persona, y para\nhomenajear a mujeres cient\u00edficas, pioneras del pasado<\/strong><strong><\/strong><\/li><\/ul>\n\n\n\n<p><strong>San Sebasti\u00e1n, a 7 de febrero de 2020. <\/strong><\/p>\n\n\n\n<p>Los centros de investigaci\u00f3n CIC nanoGUNE, el Centro de F\u00edsica de\nMateriales (CFM CSIC-UPV\/EHU), CIC biomaGUNE, Donostia International Physics\nCenter (DIPC), Biodonostia, Tecnun-Escuela de Ingenieros, Ceit, POLYMAT y\nElhuyar se han unido para presentar una programaci\u00f3n conjunta con motivo del\nD\u00eda Internacional de la Mujer y la Ni\u00f1a en la Ciencia que se celebra a nivel\ninternacional el 11 de febrero en todo el mundo. En Donostia, la programaci\u00f3n\nde <em>Emakumeak Zientzian 2020<\/em> se\nextender\u00e1 del 7 al 14 de febrero con talleres, charlas p\u00fablicas, <em>ginkana<\/em>, visitas\u2026 El objetivo de la\niniciativa es hacer visible la actividad de las mujeres en ciencia, romper con\nlos roles t\u00edpicamente masculinos atribuidos a las actividades\ncient\u00edfico-t\u00e9cnicas, y fomentar la elecci\u00f3n de carreras cient\u00edficas entre ni\u00f1as\ny adolescentes.&nbsp; <em>Emakumeak Zientzian 2020<\/em> cuenta con el apoyo de la Diputaci\u00f3n Foral\nde Gipuzkoa, Fomento San Sebasti\u00e1n, Donostia Kultura, la Universidad del Pa\u00eds\nVasco (UPV\/EHU)&nbsp; y el Consejo Superior de\nInvestigaciones Cient\u00edficas (CSIC).<\/p>\n\n\n\n<p>La programaci\u00f3n ha dado comienzo el viernes, 7 de febrero, con el taller <strong><em>La ciencia s\u00ed es cosa de chicas<\/em>,<\/strong> a las 16:00h de la tarde en el centro CIC nanoGUNE. Guiadas por las investigadoras de nanoGUNE y POLYMAT, una treintena de adolescentes de 14 y 18 a\u00f1os, han tenido la oportunidad de ser \u201ccient\u00edficas por un d\u00eda\u201d y formar parte de un equipo de investigaci\u00f3n, participando en un experimento real que les ha llevado a conocer el mundo de la nanociencia en primera persona. Adem\u00e1s del experimento, las j\u00f3venes han podido compartir una tarde con investigadoras \u201cde carne y hueso\u201d, y charlar sobre sus preocupaciones o dudas a la hora de decidir sobre qu\u00e9 camino seguir una vez terminen sus estudios de bachillerato. \u00bfHay que sacar muy buenas notas para ser cient\u00edfica? \u00bfEs muy duro? \u00bfTu ten\u00edas claro que quer\u00edas estudiar biolog\u00eda, o que quer\u00edas ser investigadora? \u00bfEn qu\u00e9 puedo trabajar despu\u00e9s de estudiar f\u00edsica o qu\u00edmica?, son algunas de las cuestiones sobre las que han podido conversar. Las respuestas, de todo tipo, porque la experiencia de cada persona es diferente: \u201clo importante es que la rama cient\u00edfica que elijas te resulte interesante, que te entretenga\u2026\u201d, \u201crequiere esfuerzo, es cierto que sencillo no es, pero no es necesario ser una genio\u201d, \u201clo de ser investigadora vino despu\u00e9s, yo a tu edad no ten\u00eda ni idea de que una se pod\u00eda dedicar a esto\u201d, \u201cestudiando una carrera cient\u00edfica se puede ser investigadora, pero tambi\u00e9n muchas otras cosas, como asesora cient\u00edfica en empresa o, por que no, en una pel\u00edcula, periodista, analista de datos, programadora, trabajar en diplomacia cient\u00edfica, y mucho m\u00e1s\u201d. Con esta experiencia cercana, de proximidad, se trabaja en la desmitificaci\u00f3n de la figura de las personas que trabajan en ciencia con el objetivo de desterrar los estereotipos t\u00edpicamente masculinos atribuidos a este \u00e1mbito y ofrecer a las j\u00f3venes participantes referentes reales que est\u00e1n ensanchando el camino. <\/p>\n\n\n\n<figure class=\"wp-block-gallery columns-1 is-cropped wp-block-gallery-1 is-layout-flex wp-block-gallery-is-layout-flex\"><ul class=\"blocks-gallery-grid\"><li class=\"blocks-gallery-item\"><figure><img loading=\"lazy\" decoding=\"async\" width=\"1024\" height=\"683\" src=\"https:\/\/emakumeakzientzian.eus\/wp-content\/uploads\/2020\/02\/Foto-grupo-2-1024x683.jpg\" alt=\"\" data-id=\"762\" data-full-url=\"https:\/\/emakumeakzientzian.eus\/wp-content\/uploads\/2020\/02\/Foto-grupo-2.jpg\" data-link=\"https:\/\/emakumeakzientzian.eus\/es\/cientificas-de-ayer-de-hoy-y-del-futuro-en-el-arranque-deemakumeak-zientzian-2020\/foto-grupo-2-2\/\" class=\"wp-image-762\" srcset=\"https:\/\/emakumeakzientzian.eus\/wp-content\/uploads\/2020\/02\/Foto-grupo-2-1024x683.jpg 1024w, https:\/\/emakumeakzientzian.eus\/wp-content\/uploads\/2020\/02\/Foto-grupo-2-300x200.jpg 300w, https:\/\/emakumeakzientzian.eus\/wp-content\/uploads\/2020\/02\/Foto-grupo-2-1536x1024.jpg 1536w, https:\/\/emakumeakzientzian.eus\/wp-content\/uploads\/2020\/02\/Foto-grupo-2-503x335.jpg 503w, https:\/\/emakumeakzientzian.eus\/wp-content\/uploads\/2020\/02\/Foto-grupo-2.jpg 1920w\" sizes=\"auto, (max-width: 1024px) 100vw, 1024px\" \/><\/figure><\/li><\/ul><\/figure>\n\n\n\n<p>A continuaci\u00f3n, a las 19:00h de la tarde la Sala Club del Teatro\nVictoria Eugenia ha sido escenario para el evento Cient\u00edficas de ayer y de hoy,\nd\u00f3nde 6 investigadoras de aqu\u00ed y de hoy han presentado su trabajo y su persona,\ny han homenajeado a aquellas mujeres cient\u00edficas, pioneras del pasado, cuyo\ntrabajo muchas veces no fue reconocido y cay\u00f3 en el olvido. Pasado y presente\nse han dado la mano para reivindicar a las cient\u00edficas que son y que fueron, y\nconstruir un futuro en el que nunca m\u00e1s dejen de ser. <\/p>\n\n\n\n<p>As\u00ed hemos conocido a Clara Garc\u00eda Astrain, investigadora\npostdoctoral en CICbiomaGUNE en el dise\u00f1o de nuevos materiales con propiedades\navanzadas para el estudio del c\u00e1ncer. Clara ha querido compartir la historia de\nRosalind Franklin (1920-1958), cuya investigaci\u00f3n fue fundamental para\ndilucidar la estructura de doble h\u00e9lice del ADN, si bien nunca fue reconocida como\ntal y se la dej\u00f3 de lado en el Nobel. Edurne Gonz\u00e1lez, investigadora\npostdoctoral en el grupo de Procesos de Polimerizaci\u00f3n de POLYMAT, ha\nrecuperado la figura de Lise Meitner, pionera en el estudio de la radiactividad\ny la f\u00edsica nuclear, y olvidada tambi\u00e9n por los premios Nobel. Joanna L\u00f3pez,\ninvestiga en Biodonostia el c\u00e1ncer de mama, y ha tra\u00eddo a escena a Rita\nLevi-Montalcini, una apasionante figura de la ciencia, premio Nobel por su\nimprescindible trabajo en Neurobiolog\u00eda. Naiara Rodriguez-Florez, premio Young\nBasque Investigator-2017, ingeniera investigadora Ikerbasque en Tecnun, ha\nquerido recordad a Constance Tipper, primera mujer miembro del departamento de\ningenier\u00eda de la universidad de Cambridge. Sara Barja, premio Hipatia 2019 al\nTalento Joven en la Ciencia, es investigadora en el CFM, y en la sesi\u00f3n se ha\nreencarnado en Mildred Dresselhaus, incombustible dama de la ciencia tambi\u00e9n\nconocida como \u201creina del carbono\u201d. La sesi\u00f3n ha terminado con el broche de oro\naportado por Silvia Bonoli, astrof\u00edsica, que actualmente es investogadora\nIkerbasque en el DIPC. En su versi\u00f3n musicada de la historia, nos ha sumergido\nen el universo de Vera Florence Cooper Rubin, que fue pionera en el estudio de\nlos indicies de rotaci\u00f3n de las galaxias. <\/p>\n\n\n\n<p>El programa se prolongar\u00e1 hasta el 14 de febrero. Todas las\nactividades programadas ser\u00e1n gratuitas. Toda la informaci\u00f3n se puede consultar\nen web <em>Emakumeak Zientzian 2020<\/em>: <a href=\"http:\/\/www.emakumeakzientzian.eus\">www.emakumeakzientzian.eus<\/a><\/p>\n","protected":false},"excerpt":{"rendered":"<p>Cient\u00edficas de ayer, de hoy y del futuro en el arranque de\u201cEmakumeak Zientzian 2020\u201d Arranca el programa \u201cemakumeak zientzian 2020\u201d que durante una semana quiere demostrar que la ciencia se escribe y se escribir\u00e1 en femenino. En el taller \u201cLa ciencia s\u00ed es cosa de chicas\u201d celebrado hoy, mujeres adolescentes han tenido la oportunidad de&#8230;<\/p>\n","protected":false},"author":2,"featured_media":751,"comment_status":"open","ping_status":"open","sticky":false,"template":"","format":"standard","meta":{"_acf_changed":false,"footnotes":""},"categories":[2],"tags":[],"class_list":["post-726","post","type-post","status-publish","format-standard","has-post-thumbnail","hentry","category-sin-categorizar"],"acf":[],"yoast_head":"<!-- This site is optimized with the Yoast SEO plugin v27.3 - https:\/\/yoast.com\/product\/yoast-seo-wordpress\/ -->\n<title>Cient\u00edficas de ayer, de hoy y del futuro en el arranque de\u201cEmakumeak Zientzian 2020\u201d - Emakumeak zientzian<\/title>\n<meta name=\"robots\" content=\"index, follow, max-snippet:-1, max-image-preview:large, max-video-preview:-1\" \/>\n<link rel=\"canonical\" href=\"https:\/\/emakumeakzientzian.eus\/es\/cientificas-de-ayer-de-hoy-y-del-futuro-en-el-arranque-deemakumeak-zientzian-2020\/\" \/>\n<meta property=\"og:locale\" content=\"es_ES\" \/>\n<meta property=\"og:type\" content=\"article\" \/>\n<meta property=\"og:title\" content=\"Cient\u00edficas de ayer, de hoy y del futuro en el arranque de\u201cEmakumeak Zientzian 2020\u201d - Emakumeak zientzian\" \/>\n<meta property=\"og:description\" content=\"Cient\u00edficas de ayer, de hoy y del futuro en el arranque de\u201cEmakumeak Zientzian 2020\u201d Arranca el programa \u201cemakumeak zientzian 2020\u201d que durante una semana quiere demostrar que la ciencia se escribe y se escribir\u00e1 en femenino. En el taller \u201cLa ciencia s\u00ed es cosa de chicas\u201d celebrado hoy, mujeres adolescentes han tenido la oportunidad de...\" \/>\n<meta property=\"og:url\" content=\"https:\/\/emakumeakzientzian.eus\/es\/cientificas-de-ayer-de-hoy-y-del-futuro-en-el-arranque-deemakumeak-zientzian-2020\/\" \/>\n<meta property=\"og:site_name\" content=\"Emakumeak zientzian\" \/>\n<meta property=\"article:published_time\" content=\"2020-02-07T20:00:00+00:00\" \/>\n<meta property=\"article:modified_time\" content=\"2020-02-13T08:38:17+00:00\" \/>\n<meta property=\"og:image\" content=\"https:\/\/emakumeakzientzian.eus\/wp-content\/uploads\/2020\/02\/Foto-grupo-1.jpg\" \/>\n\t<meta property=\"og:image:width\" content=\"1920\" \/>\n\t<meta property=\"og:image:height\" content=\"1280\" \/>\n\t<meta property=\"og:image:type\" content=\"image\/jpeg\" \/>\n<meta name=\"author\" content=\"Kortabitarte(e)ko Irati\" \/>\n<meta name=\"twitter:card\" content=\"summary_large_image\" \/>\n<meta name=\"twitter:label1\" content=\"Escrito por\" \/>\n\t<meta name=\"twitter:data1\" content=\"Kortabitarte(e)ko Irati\" \/>\n\t<meta name=\"twitter:label2\" content=\"Tiempo de lectura\" \/>\n\t<meta name=\"twitter:data2\" content=\"5 minutos\" \/>\n<script type=\"application\/ld+json\" class=\"yoast-schema-graph\">{\"@context\":\"https:\\\/\\\/schema.org\",\"@graph\":[{\"@type\":\"Article\",\"@id\":\"https:\\\/\\\/emakumeakzientzian.eus\\\/es\\\/cientificas-de-ayer-de-hoy-y-del-futuro-en-el-arranque-deemakumeak-zientzian-2020\\\/#article\",\"isPartOf\":{\"@id\":\"https:\\\/\\\/emakumeakzientzian.eus\\\/es\\\/cientificas-de-ayer-de-hoy-y-del-futuro-en-el-arranque-deemakumeak-zientzian-2020\\\/\"},\"author\":{\"name\":\"Kortabitarte(e)ko Irati\",\"@id\":\"https:\\\/\\\/emakumeakzientzian.eus\\\/es\\\/#\\\/schema\\\/person\\\/73b2a7020ae46008c513020b3af78833\"},\"headline\":\"Cient\u00edficas de ayer, de hoy y del futuro en el arranque de\u201cEmakumeak Zientzian 2020\u201d\",\"datePublished\":\"2020-02-07T20:00:00+00:00\",\"dateModified\":\"2020-02-13T08:38:17+00:00\",\"mainEntityOfPage\":{\"@id\":\"https:\\\/\\\/emakumeakzientzian.eus\\\/es\\\/cientificas-de-ayer-de-hoy-y-del-futuro-en-el-arranque-deemakumeak-zientzian-2020\\\/\"},\"wordCount\":1042,\"commentCount\":0,\"publisher\":{\"@id\":\"https:\\\/\\\/emakumeakzientzian.eus\\\/es\\\/#organization\"},\"image\":{\"@id\":\"https:\\\/\\\/emakumeakzientzian.eus\\\/es\\\/cientificas-de-ayer-de-hoy-y-del-futuro-en-el-arranque-deemakumeak-zientzian-2020\\\/#primaryimage\"},\"thumbnailUrl\":\"https:\\\/\\\/emakumeakzientzian.eus\\\/wp-content\\\/uploads\\\/2020\\\/02\\\/Foto-grupo-1.jpg\",\"articleSection\":[\"Sin categorizar\"],\"inLanguage\":\"es\",\"potentialAction\":[{\"@type\":\"CommentAction\",\"name\":\"Comment\",\"target\":[\"https:\\\/\\\/emakumeakzientzian.eus\\\/es\\\/cientificas-de-ayer-de-hoy-y-del-futuro-en-el-arranque-deemakumeak-zientzian-2020\\\/#respond\"]}]},{\"@type\":\"WebPage\",\"@id\":\"https:\\\/\\\/emakumeakzientzian.eus\\\/es\\\/cientificas-de-ayer-de-hoy-y-del-futuro-en-el-arranque-deemakumeak-zientzian-2020\\\/\",\"url\":\"https:\\\/\\\/emakumeakzientzian.eus\\\/es\\\/cientificas-de-ayer-de-hoy-y-del-futuro-en-el-arranque-deemakumeak-zientzian-2020\\\/\",\"name\":\"Cient\u00edficas de ayer, de hoy y del futuro en el arranque de\u201cEmakumeak Zientzian 2020\u201d - Emakumeak zientzian\",\"isPartOf\":{\"@id\":\"https:\\\/\\\/emakumeakzientzian.eus\\\/es\\\/#website\"},\"primaryImageOfPage\":{\"@id\":\"https:\\\/\\\/emakumeakzientzian.eus\\\/es\\\/cientificas-de-ayer-de-hoy-y-del-futuro-en-el-arranque-deemakumeak-zientzian-2020\\\/#primaryimage\"},\"image\":{\"@id\":\"https:\\\/\\\/emakumeakzientzian.eus\\\/es\\\/cientificas-de-ayer-de-hoy-y-del-futuro-en-el-arranque-deemakumeak-zientzian-2020\\\/#primaryimage\"},\"thumbnailUrl\":\"https:\\\/\\\/emakumeakzientzian.eus\\\/wp-content\\\/uploads\\\/2020\\\/02\\\/Foto-grupo-1.jpg\",\"datePublished\":\"2020-02-07T20:00:00+00:00\",\"dateModified\":\"2020-02-13T08:38:17+00:00\",\"breadcrumb\":{\"@id\":\"https:\\\/\\\/emakumeakzientzian.eus\\\/es\\\/cientificas-de-ayer-de-hoy-y-del-futuro-en-el-arranque-deemakumeak-zientzian-2020\\\/#breadcrumb\"},\"inLanguage\":\"es\",\"potentialAction\":[{\"@type\":\"ReadAction\",\"target\":[\"https:\\\/\\\/emakumeakzientzian.eus\\\/es\\\/cientificas-de-ayer-de-hoy-y-del-futuro-en-el-arranque-deemakumeak-zientzian-2020\\\/\"]}]},{\"@type\":\"ImageObject\",\"inLanguage\":\"es\",\"@id\":\"https:\\\/\\\/emakumeakzientzian.eus\\\/es\\\/cientificas-de-ayer-de-hoy-y-del-futuro-en-el-arranque-deemakumeak-zientzian-2020\\\/#primaryimage\",\"url\":\"https:\\\/\\\/emakumeakzientzian.eus\\\/wp-content\\\/uploads\\\/2020\\\/02\\\/Foto-grupo-1.jpg\",\"contentUrl\":\"https:\\\/\\\/emakumeakzientzian.eus\\\/wp-content\\\/uploads\\\/2020\\\/02\\\/Foto-grupo-1.jpg\",\"width\":1920,\"height\":1280},{\"@type\":\"BreadcrumbList\",\"@id\":\"https:\\\/\\\/emakumeakzientzian.eus\\\/es\\\/cientificas-de-ayer-de-hoy-y-del-futuro-en-el-arranque-deemakumeak-zientzian-2020\\\/#breadcrumb\",\"itemListElement\":[{\"@type\":\"ListItem\",\"position\":1,\"name\":\"Home\",\"item\":\"https:\\\/\\\/emakumeakzientzian.eus\\\/es\\\/\"},{\"@type\":\"ListItem\",\"position\":2,\"name\":\"Cient\u00edficas de ayer, de hoy y del futuro en el arranque de\u201cEmakumeak Zientzian 2020\u201d\"}]},{\"@type\":\"WebSite\",\"@id\":\"https:\\\/\\\/emakumeakzientzian.eus\\\/es\\\/#website\",\"url\":\"https:\\\/\\\/emakumeakzientzian.eus\\\/es\\\/\",\"name\":\"Emakumeak zientzian\",\"description\":\"Emakumeak zientzian jardunaldiak\",\"publisher\":{\"@id\":\"https:\\\/\\\/emakumeakzientzian.eus\\\/es\\\/#organization\"},\"potentialAction\":[{\"@type\":\"SearchAction\",\"target\":{\"@type\":\"EntryPoint\",\"urlTemplate\":\"https:\\\/\\\/emakumeakzientzian.eus\\\/es\\\/?s={search_term_string}\"},\"query-input\":{\"@type\":\"PropertyValueSpecification\",\"valueRequired\":true,\"valueName\":\"search_term_string\"}}],\"inLanguage\":\"es\"},{\"@type\":\"Organization\",\"@id\":\"https:\\\/\\\/emakumeakzientzian.eus\\\/es\\\/#organization\",\"name\":\"Emakumeak Zientzian\",\"url\":\"https:\\\/\\\/emakumeakzientzian.eus\\\/es\\\/\",\"logo\":{\"@type\":\"ImageObject\",\"inLanguage\":\"es\",\"@id\":\"https:\\\/\\\/emakumeakzientzian.eus\\\/es\\\/#\\\/schema\\\/logo\\\/image\\\/\",\"url\":\"https:\\\/\\\/emakumeakzientzian.eus\\\/wp-content\\\/uploads\\\/2022\\\/11\\\/Logo-EEZZ.png\",\"contentUrl\":\"https:\\\/\\\/emakumeakzientzian.eus\\\/wp-content\\\/uploads\\\/2022\\\/11\\\/Logo-EEZZ.png\",\"width\":1364,\"height\":1396,\"caption\":\"Emakumeak Zientzian\"},\"image\":{\"@id\":\"https:\\\/\\\/emakumeakzientzian.eus\\\/es\\\/#\\\/schema\\\/logo\\\/image\\\/\"}},{\"@type\":\"Person\",\"@id\":\"https:\\\/\\\/emakumeakzientzian.eus\\\/es\\\/#\\\/schema\\\/person\\\/73b2a7020ae46008c513020b3af78833\",\"name\":\"Kortabitarte(e)ko Irati\",\"image\":{\"@type\":\"ImageObject\",\"inLanguage\":\"es\",\"@id\":\"https:\\\/\\\/secure.gravatar.com\\\/avatar\\\/6426ed3ffb4c14b828856bf52e03bdca67952ce930b07d5898ed2843cdc8b889?s=96&d=mm&r=g\",\"url\":\"https:\\\/\\\/secure.gravatar.com\\\/avatar\\\/6426ed3ffb4c14b828856bf52e03bdca67952ce930b07d5898ed2843cdc8b889?s=96&d=mm&r=g\",\"contentUrl\":\"https:\\\/\\\/secure.gravatar.com\\\/avatar\\\/6426ed3ffb4c14b828856bf52e03bdca67952ce930b07d5898ed2843cdc8b889?s=96&d=mm&r=g\",\"caption\":\"Kortabitarte(e)ko Irati\"},\"url\":\"https:\\\/\\\/emakumeakzientzian.eus\\\/es\\\/author\\\/irati\\\/\"}]}<\/script>\n<!-- \/ Yoast SEO plugin. -->","yoast_head_json":{"title":"Cient\u00edficas de ayer, de hoy y del futuro en el arranque de\u201cEmakumeak Zientzian 2020\u201d - Emakumeak zientzian","robots":{"index":"index","follow":"follow","max-snippet":"max-snippet:-1","max-image-preview":"max-image-preview:large","max-video-preview":"max-video-preview:-1"},"canonical":"https:\/\/emakumeakzientzian.eus\/es\/cientificas-de-ayer-de-hoy-y-del-futuro-en-el-arranque-deemakumeak-zientzian-2020\/","og_locale":"es_ES","og_type":"article","og_title":"Cient\u00edficas de ayer, de hoy y del futuro en el arranque de\u201cEmakumeak Zientzian 2020\u201d - Emakumeak zientzian","og_description":"Cient\u00edficas de ayer, de hoy y del futuro en el arranque de\u201cEmakumeak Zientzian 2020\u201d Arranca el programa \u201cemakumeak zientzian 2020\u201d que durante una semana quiere demostrar que la ciencia se escribe y se escribir\u00e1 en femenino. En el taller \u201cLa ciencia s\u00ed es cosa de chicas\u201d celebrado hoy, mujeres adolescentes han tenido la oportunidad de...","og_url":"https:\/\/emakumeakzientzian.eus\/es\/cientificas-de-ayer-de-hoy-y-del-futuro-en-el-arranque-deemakumeak-zientzian-2020\/","og_site_name":"Emakumeak zientzian","article_published_time":"2020-02-07T20:00:00+00:00","article_modified_time":"2020-02-13T08:38:17+00:00","og_image":[{"width":1920,"height":1280,"url":"https:\/\/emakumeakzientzian.eus\/wp-content\/uploads\/2020\/02\/Foto-grupo-1.jpg","type":"image\/jpeg"}],"author":"Kortabitarte(e)ko Irati","twitter_card":"summary_large_image","twitter_misc":{"Escrito por":"Kortabitarte(e)ko Irati","Tiempo de lectura":"5 minutos"},"schema":{"@context":"https:\/\/schema.org","@graph":[{"@type":"Article","@id":"https:\/\/emakumeakzientzian.eus\/es\/cientificas-de-ayer-de-hoy-y-del-futuro-en-el-arranque-deemakumeak-zientzian-2020\/#article","isPartOf":{"@id":"https:\/\/emakumeakzientzian.eus\/es\/cientificas-de-ayer-de-hoy-y-del-futuro-en-el-arranque-deemakumeak-zientzian-2020\/"},"author":{"name":"Kortabitarte(e)ko Irati","@id":"https:\/\/emakumeakzientzian.eus\/es\/#\/schema\/person\/73b2a7020ae46008c513020b3af78833"},"headline":"Cient\u00edficas de ayer, de hoy y del futuro en el arranque de\u201cEmakumeak Zientzian 2020\u201d","datePublished":"2020-02-07T20:00:00+00:00","dateModified":"2020-02-13T08:38:17+00:00","mainEntityOfPage":{"@id":"https:\/\/emakumeakzientzian.eus\/es\/cientificas-de-ayer-de-hoy-y-del-futuro-en-el-arranque-deemakumeak-zientzian-2020\/"},"wordCount":1042,"commentCount":0,"publisher":{"@id":"https:\/\/emakumeakzientzian.eus\/es\/#organization"},"image":{"@id":"https:\/\/emakumeakzientzian.eus\/es\/cientificas-de-ayer-de-hoy-y-del-futuro-en-el-arranque-deemakumeak-zientzian-2020\/#primaryimage"},"thumbnailUrl":"https:\/\/emakumeakzientzian.eus\/wp-content\/uploads\/2020\/02\/Foto-grupo-1.jpg","articleSection":["Sin categorizar"],"inLanguage":"es","potentialAction":[{"@type":"CommentAction","name":"Comment","target":["https:\/\/emakumeakzientzian.eus\/es\/cientificas-de-ayer-de-hoy-y-del-futuro-en-el-arranque-deemakumeak-zientzian-2020\/#respond"]}]},{"@type":"WebPage","@id":"https:\/\/emakumeakzientzian.eus\/es\/cientificas-de-ayer-de-hoy-y-del-futuro-en-el-arranque-deemakumeak-zientzian-2020\/","url":"https:\/\/emakumeakzientzian.eus\/es\/cientificas-de-ayer-de-hoy-y-del-futuro-en-el-arranque-deemakumeak-zientzian-2020\/","name":"Cient\u00edficas de ayer, de hoy y del futuro en el arranque de\u201cEmakumeak Zientzian 2020\u201d - Emakumeak zientzian","isPartOf":{"@id":"https:\/\/emakumeakzientzian.eus\/es\/#website"},"primaryImageOfPage":{"@id":"https:\/\/emakumeakzientzian.eus\/es\/cientificas-de-ayer-de-hoy-y-del-futuro-en-el-arranque-deemakumeak-zientzian-2020\/#primaryimage"},"image":{"@id":"https:\/\/emakumeakzientzian.eus\/es\/cientificas-de-ayer-de-hoy-y-del-futuro-en-el-arranque-deemakumeak-zientzian-2020\/#primaryimage"},"thumbnailUrl":"https:\/\/emakumeakzientzian.eus\/wp-content\/uploads\/2020\/02\/Foto-grupo-1.jpg","datePublished":"2020-02-07T20:00:00+00:00","dateModified":"2020-02-13T08:38:17+00:00","breadcrumb":{"@id":"https:\/\/emakumeakzientzian.eus\/es\/cientificas-de-ayer-de-hoy-y-del-futuro-en-el-arranque-deemakumeak-zientzian-2020\/#breadcrumb"},"inLanguage":"es","potentialAction":[{"@type":"ReadAction","target":["https:\/\/emakumeakzientzian.eus\/es\/cientificas-de-ayer-de-hoy-y-del-futuro-en-el-arranque-deemakumeak-zientzian-2020\/"]}]},{"@type":"ImageObject","inLanguage":"es","@id":"https:\/\/emakumeakzientzian.eus\/es\/cientificas-de-ayer-de-hoy-y-del-futuro-en-el-arranque-deemakumeak-zientzian-2020\/#primaryimage","url":"https:\/\/emakumeakzientzian.eus\/wp-content\/uploads\/2020\/02\/Foto-grupo-1.jpg","contentUrl":"https:\/\/emakumeakzientzian.eus\/wp-content\/uploads\/2020\/02\/Foto-grupo-1.jpg","width":1920,"height":1280},{"@type":"BreadcrumbList","@id":"https:\/\/emakumeakzientzian.eus\/es\/cientificas-de-ayer-de-hoy-y-del-futuro-en-el-arranque-deemakumeak-zientzian-2020\/#breadcrumb","itemListElement":[{"@type":"ListItem","position":1,"name":"Home","item":"https:\/\/emakumeakzientzian.eus\/es\/"},{"@type":"ListItem","position":2,"name":"Cient\u00edficas de ayer, de hoy y del futuro en el arranque de\u201cEmakumeak Zientzian 2020\u201d"}]},{"@type":"WebSite","@id":"https:\/\/emakumeakzientzian.eus\/es\/#website","url":"https:\/\/emakumeakzientzian.eus\/es\/","name":"Emakumeak zientzian","description":"Emakumeak zientzian jardunaldiak","publisher":{"@id":"https:\/\/emakumeakzientzian.eus\/es\/#organization"},"potentialAction":[{"@type":"SearchAction","target":{"@type":"EntryPoint","urlTemplate":"https:\/\/emakumeakzientzian.eus\/es\/?s={search_term_string}"},"query-input":{"@type":"PropertyValueSpecification","valueRequired":true,"valueName":"search_term_string"}}],"inLanguage":"es"},{"@type":"Organization","@id":"https:\/\/emakumeakzientzian.eus\/es\/#organization","name":"Emakumeak Zientzian","url":"https:\/\/emakumeakzientzian.eus\/es\/","logo":{"@type":"ImageObject","inLanguage":"es","@id":"https:\/\/emakumeakzientzian.eus\/es\/#\/schema\/logo\/image\/","url":"https:\/\/emakumeakzientzian.eus\/wp-content\/uploads\/2022\/11\/Logo-EEZZ.png","contentUrl":"https:\/\/emakumeakzientzian.eus\/wp-content\/uploads\/2022\/11\/Logo-EEZZ.png","width":1364,"height":1396,"caption":"Emakumeak Zientzian"},"image":{"@id":"https:\/\/emakumeakzientzian.eus\/es\/#\/schema\/logo\/image\/"}},{"@type":"Person","@id":"https:\/\/emakumeakzientzian.eus\/es\/#\/schema\/person\/73b2a7020ae46008c513020b3af78833","name":"Kortabitarte(e)ko Irati","image":{"@type":"ImageObject","inLanguage":"es","@id":"https:\/\/secure.gravatar.com\/avatar\/6426ed3ffb4c14b828856bf52e03bdca67952ce930b07d5898ed2843cdc8b889?s=96&d=mm&r=g","url":"https:\/\/secure.gravatar.com\/avatar\/6426ed3ffb4c14b828856bf52e03bdca67952ce930b07d5898ed2843cdc8b889?s=96&d=mm&r=g","contentUrl":"https:\/\/secure.gravatar.com\/avatar\/6426ed3ffb4c14b828856bf52e03bdca67952ce930b07d5898ed2843cdc8b889?s=96&d=mm&r=g","caption":"Kortabitarte(e)ko Irati"},"url":"https:\/\/emakumeakzientzian.eus\/es\/author\/irati\/"}]}},"_links":{"self":[{"href":"https:\/\/emakumeakzientzian.eus\/es\/wp-json\/wp\/v2\/posts\/726","targetHints":{"allow":["GET"]}}],"collection":[{"href":"https:\/\/emakumeakzientzian.eus\/es\/wp-json\/wp\/v2\/posts"}],"about":[{"href":"https:\/\/emakumeakzientzian.eus\/es\/wp-json\/wp\/v2\/types\/post"}],"author":[{"embeddable":true,"href":"https:\/\/emakumeakzientzian.eus\/es\/wp-json\/wp\/v2\/users\/2"}],"replies":[{"embeddable":true,"href":"https:\/\/emakumeakzientzian.eus\/es\/wp-json\/wp\/v2\/comments?post=726"}],"version-history":[{"count":5,"href":"https:\/\/emakumeakzientzian.eus\/es\/wp-json\/wp\/v2\/posts\/726\/revisions"}],"predecessor-version":[{"id":822,"href":"https:\/\/emakumeakzientzian.eus\/es\/wp-json\/wp\/v2\/posts\/726\/revisions\/822"}],"wp:featuredmedia":[{"embeddable":true,"href":"https:\/\/emakumeakzientzian.eus\/es\/wp-json\/wp\/v2\/media\/751"}],"wp:attachment":[{"href":"https:\/\/emakumeakzientzian.eus\/es\/wp-json\/wp\/v2\/media?parent=726"}],"wp:term":[{"taxonomy":"category","embeddable":true,"href":"https:\/\/emakumeakzientzian.eus\/es\/wp-json\/wp\/v2\/categories?post=726"},{"taxonomy":"post_tag","embeddable":true,"href":"https:\/\/emakumeakzientzian.eus\/es\/wp-json\/wp\/v2\/tags?post=726"}],"curies":[{"name":"wp","href":"https:\/\/api.w.org\/{rel}","templated":true}]}}