{"id":6549,"date":"2024-02-09T11:19:08","date_gmt":"2024-02-09T10:19:08","guid":{"rendered":"https:\/\/emakumeakzientzian.eus\/emakumeak-zientzian-zientziaz-haragoko-bizitza\/"},"modified":"2024-02-09T11:24:14","modified_gmt":"2024-02-09T10:24:14","slug":"emakumeak-zientzian-zientziaz-haragoko-bizitza","status":"publish","type":"post","link":"https:\/\/emakumeakzientzian.eus\/es\/emakumeak-zientzian-zientziaz-haragoko-bizitza\/","title":{"rendered":"Emakumeak Zientzian, una vida m\u00e1s all\u00e1 de la ciencia"},"content":{"rendered":"<p><b><img loading=\"lazy\" decoding=\"async\" class=\"aligncenter wp-image-6543 size-large\" src=\"https:\/\/emakumeakzientzian.eus\/wp-content\/uploads\/2024\/02\/Emakumeak-Zientzian-1024x576.jpg\" alt=\"\" width=\"1024\" height=\"576\" srcset=\"https:\/\/emakumeakzientzian.eus\/wp-content\/uploads\/2024\/02\/Emakumeak-Zientzian-1024x576.jpg 1024w, https:\/\/emakumeakzientzian.eus\/wp-content\/uploads\/2024\/02\/Emakumeak-Zientzian-300x169.jpg 300w, https:\/\/emakumeakzientzian.eus\/wp-content\/uploads\/2024\/02\/Emakumeak-Zientzian-503x283.jpg 503w\" sizes=\"auto, (max-width: 1024px) 100vw, 1024px\" \/><\/b><\/p>\n<p><b>* Arranca en un ambiente festivo la 8.\u00aa edici\u00f3n de <\/b><b><i>Emakumeak Zientzian<\/i><\/b><b> para subrayar que las personas del \u00e1mbito cient\u00edfico-tecnol\u00f3gico quieren ser ante todo personas con una vida plena.<\/b><\/p>\n<p><b>* Treinta y dos entidades vascas organizan conjuntamente un amplio programa de m\u00e1s de 60 actividades en \u00c1lava, Bizkaia y Gipuzkoa.<\/b><\/p>\n<p><b>San Sebasti\u00e1n, a 8 de febrero de 2024. <\/b><span style=\"font-weight: 400;\">M\u00e1s de 150 personas se han acercado esta tarde a Intxaurrondo Kultur Etxea para dar comienzo a la 8.\u00aa edici\u00f3n de la iniciativa <\/span><i><span style=\"font-weight: 400;\">Emakumeak Zientzian<\/span><\/i><span style=\"font-weight: 400;\"> en un ambiente festivo y subrayar que las personas del \u00e1mbito cient\u00edfico-tecnol\u00f3gico no dejan de ser personas con sus necesidades, sus pasiones, sus compromisos y sus aficiones. Adem\u00e1s, se ha presentado un video protagonizado por diferentes personas del \u00e1mbito cient\u00edfico-tecnol\u00f3gico donde se ha puesto el foco en su vida m\u00e1s all\u00e1 de la ciencia<\/span><\/p>\n<p><span style=\"font-weight: 400;\">La actriz Maitena Salinas ha sido la encargada de dirigir el acto en un ambiente muy agradable y el equipo de coordinaci\u00f3n de <\/span><i><span style=\"font-weight: 400;\">Emakumeak Zientzian<\/span><\/i><span style=\"font-weight: 400;\"> ha sido la primera en tomar la palabra con una breve introducci\u00f3n.<\/span><\/p>\n<p><span style=\"font-weight: 400;\">A continuaci\u00f3n, ha tenido lugar la mesa redonda <\/span><i><span style=\"font-weight: 400;\">Conciliando con las instituciones<\/span><\/i><span style=\"font-weight: 400;\"> con Marisol Garmendia, Concejala Delegada de Econom\u00eda, Empleo local y Ecolog\u00eda en Donostia; Ane Insausti, Diputada de Promoci\u00f3n Econ\u00f3mica de la Diputaci\u00f3n Foral de Gipuzkoa; Miren Elgarresta, Directora de Emakunde; e Izaskun Artetxe, Secretaria T\u00e9cnica Econ\u00f3mica del Departamento de Promoci\u00f3n Econ\u00f3mica de la Diputaci\u00f3n Foral de Bizkaia; y moderada por Maria Luz Guenaga, profesora de la Universidad de Deusto y miembro del equipo de coordinaci\u00f3n de <\/span><i><span style=\"font-weight: 400;\">Emakumeak Zientzian<\/span><\/i><span style=\"font-weight: 400;\">, Todas han coincidido en que se han dado muchos pasos en los \u00faltimos a\u00f1os, pero subrayan que debemos seguir avanzando con el principal objetivo de obtener la igualdad de oportunidades en las mismas condiciones; es decir, que a igualdad de preparaci\u00f3n las mujeres tengan las mismas oportunidades que los hombres.\u00a0<\/span><\/p>\n<p><span style=\"font-weight: 400;\">Por \u00faltimo, ha llegado el momento tan esperado: la presentaci\u00f3n del video concebido para la iniciativa. Un video protagonizado por diferentes personas del \u00e1mbito cient\u00edfico-tecnol\u00f3gico que pone el foco en su vida m\u00e1s all\u00e1 de la ciencia. \u201cEn el \u00e1mbito de la ciencia, como en tantos otros, hoy en d\u00eda se reclama cambiar los est\u00e1ndares de excelencia y la idea de que la vocaci\u00f3n profesional deja poco tiempo para dedicar a la familia, al ocio o al desarrollo personal.\u00a0 No queremos superhero\u00ednas que llegan a todo, ni renuncias para alcanzar el \u00e9xito. Son vidas reales que intentan alcanzar el equilibrio en los distintos estadios de una carrera profesional\u201d, subrayan desde la organizaci\u00f3n de <\/span><i><span style=\"font-weight: 400;\">Emakumeak Zientzian<\/span><\/i><span style=\"font-weight: 400;\">.<\/span><\/p>\n<p><span style=\"font-weight: 400;\">La programaci\u00f3n de <\/span><i><span style=\"font-weight: 400;\">Emakumeak Zientzian<\/span><\/i> <i><span style=\"font-weight: 400;\">2024<\/span><\/i><span style=\"font-weight: 400;\"> se concentrar\u00e1 en la semana del 8 al 16 de febrero. Se ha dise\u00f1ado un extenso programa de m\u00e1s de 60 actividades, abarcando por primera vez los tres territorios hist\u00f3ricos, ya que la capital alavesa se incorpora como escenario de algunos de los eventos en esta nueva edici\u00f3n para que el mensaje \u2018la ciencia s\u00ed es cosa de chicas\u2019 llegue y cale en el mayor n\u00famero posible de personas. \u201cQueremos hacer un llamamiento especial e invitar a todas las personas, independientemente de su g\u00e9nero, identidad, origen, profesi\u00f3n o edad, a participar en las actividades\u201d, indican desde la organizaci\u00f3n de <\/span><i><span style=\"font-weight: 400;\">Emakumeak Zientzian<\/span><\/i><span style=\"font-weight: 400;\">.<\/span><\/p>\n<p><span style=\"font-weight: 400;\">El programa completo de actividades est\u00e1 disponible en la p\u00e1gina web <\/span><a href=\"http:\/\/www.emakumeakzientzian.eus\"><span style=\"font-weight: 400;\">www.emakumeakzientzian.eus<\/span><\/a><\/p>\n<p><span style=\"font-weight: 400;\">Las 32 entidades que participan en la 8.\u00aa edici\u00f3n de <\/span><i><span style=\"font-weight: 400;\">Emakumeak Zientzian <\/span><\/i><span style=\"font-weight: 400;\">son una muestra representativa del tejido de la ciencia y la tecnolog\u00eda en Euskadi: Ach\u00facarro, BCMaterials, el Centro de F\u00edsica de Materiales (CFM CSIC-UPV\/EHU), CIC biomaGUNE, Universidad de Deusto, UPV\/EHU Inform\u00e1tica, UPV\/EHU Qu\u00edmica, Aranzadi Zientzia Elkartea, Basque Artifcial Intelligence Center (BAIC), Basque Centre for Climate Change (BC3), Basque Center for Applied Mathematics (BCAM), Basque Center on Cognition, Brain and Language (BCBL), BioBizkaia, Biodonostia, Ceit, CIC energiGUNE, CIC nanoGUNE, Cidetec, Donostia International Physics Center (DIPC), Elhuyar, Eureka! Zientzia Museoa-Kutxa Fundazioa, Fundaci\u00f3n Biof\u00edsica Bizkaia (FBB), Ikerlan, Ingeniariak-Colegio Oficial de Ingenieros Industriales de Gipuzkoa, Mondragon Goi Eskola Politeknikoa (MEGP), Mubil, Parques Tecnol\u00f3gicos de Euskadi, POLYMAT, Tecnalia, Tecnun, UPV\/EHU Ingenieros y Vicomtech.<\/span><\/p>\n<p><i><span style=\"font-weight: 400;\">Emakumeak Zientzian 2024<\/span><\/i><span style=\"font-weight: 400;\"> cuenta con el apoyo destacado de la Diputaci\u00f3n Foral de Bizkaia, la Diputaci\u00f3n Foral de Gipuzkoa, Fomento San Sebasti\u00e1n, la alianza Basque Research &amp; Technology Alliance (BRTA) y Salto, as\u00ed como con la colaboraci\u00f3n de las siguientes entidades y organismos: el Consejo Superior de Investigaciones Cient\u00edficas (CSIC), la Fundaci\u00f3n Espa\u00f1ola de Ciencia y Tecnolog\u00eda (FECYT), la Agencia Estatal de Investigaci\u00f3n a trav\u00e9s de los centros Severo Ochoa y Mar\u00eda de Maeztu adheridos a la iniciativa, la Filmoteca Vasca y el Festival Internacional de Cine de San Sebasti\u00e1n, Donostia Kultura, Emakunde, la red Lemniskata, Ikerbasque, Aspegi (Asociaci\u00f3n de Mujeres Profesionales, Empresarias y Directivas de Gipuzkoa), Biook, Skills4Science, la Direcci\u00f3n de Igualdad de la UPV\/EHU y Casio.<\/span><\/p>\n","protected":false},"excerpt":{"rendered":"<p>* Arranca en un ambiente festivo la 8.\u00aa edici\u00f3n de Emakumeak Zientzian para subrayar que las personas del \u00e1mbito cient\u00edfico-tecnol\u00f3gico quieren ser ante todo personas con una vida plena. * Treinta y dos entidades vascas organizan conjuntamente un amplio programa de m\u00e1s de 60 actividades en \u00c1lava, Bizkaia y Gipuzkoa. San Sebasti\u00e1n, a 8 de&#8230;<\/p>\n","protected":false},"author":3,"featured_media":6544,"comment_status":"closed","ping_status":"open","sticky":false,"template":"","format":"standard","meta":{"_acf_changed":false,"footnotes":""},"categories":[2],"tags":[],"class_list":["post-6549","post","type-post","status-publish","format-standard","has-post-thumbnail","hentry","category-sin-categorizar"],"acf":[],"yoast_head":"<!-- This site is optimized with the Yoast SEO plugin v27.3 - https:\/\/yoast.com\/product\/yoast-seo-wordpress\/ -->\n<title>Emakumeak Zientzian, una vida m\u00e1s all\u00e1 de la ciencia - Emakumeak zientzian<\/title>\n<meta name=\"robots\" content=\"index, follow, max-snippet:-1, max-image-preview:large, max-video-preview:-1\" \/>\n<link rel=\"canonical\" href=\"https:\/\/emakumeakzientzian.eus\/es\/emakumeak-zientzian-zientziaz-haragoko-bizitza\/\" \/>\n<meta property=\"og:locale\" content=\"es_ES\" \/>\n<meta property=\"og:type\" content=\"article\" \/>\n<meta property=\"og:title\" content=\"Emakumeak Zientzian, una vida m\u00e1s all\u00e1 de la ciencia - Emakumeak zientzian\" \/>\n<meta property=\"og:description\" content=\"* Arranca en un ambiente festivo la 8.\u00aa edici\u00f3n de Emakumeak Zientzian para subrayar que las personas del \u00e1mbito cient\u00edfico-tecnol\u00f3gico quieren ser ante todo personas con una vida plena. * Treinta y dos entidades vascas organizan conjuntamente un amplio programa de m\u00e1s de 60 actividades en \u00c1lava, Bizkaia y Gipuzkoa. San Sebasti\u00e1n, a 8 de...\" \/>\n<meta property=\"og:url\" content=\"https:\/\/emakumeakzientzian.eus\/es\/emakumeak-zientzian-zientziaz-haragoko-bizitza\/\" \/>\n<meta property=\"og:site_name\" content=\"Emakumeak zientzian\" \/>\n<meta property=\"article:published_time\" content=\"2024-02-09T10:19:08+00:00\" \/>\n<meta property=\"article:modified_time\" content=\"2024-02-09T10:24:14+00:00\" \/>\n<meta property=\"og:image\" content=\"https:\/\/emakumeakzientzian.eus\/wp-content\/uploads\/2024\/02\/Emakumeak-Zientzian-scaled.jpg\" \/>\n\t<meta property=\"og:image:width\" content=\"2560\" \/>\n\t<meta property=\"og:image:height\" content=\"1440\" \/>\n\t<meta property=\"og:image:type\" content=\"image\/jpeg\" \/>\n<meta name=\"author\" content=\"Medina(e)ko Naikari\" \/>\n<meta name=\"twitter:card\" content=\"summary_large_image\" \/>\n<meta name=\"twitter:label1\" content=\"Escrito por\" \/>\n\t<meta name=\"twitter:data1\" content=\"Medina(e)ko Naikari\" \/>\n\t<meta name=\"twitter:label2\" content=\"Tiempo de lectura\" \/>\n\t<meta name=\"twitter:data2\" content=\"5 minutos\" \/>\n<script type=\"application\/ld+json\" class=\"yoast-schema-graph\">{\"@context\":\"https:\\\/\\\/schema.org\",\"@graph\":[{\"@type\":\"Article\",\"@id\":\"https:\\\/\\\/emakumeakzientzian.eus\\\/es\\\/emakumeak-zientzian-zientziaz-haragoko-bizitza\\\/#article\",\"isPartOf\":{\"@id\":\"https:\\\/\\\/emakumeakzientzian.eus\\\/es\\\/emakumeak-zientzian-zientziaz-haragoko-bizitza\\\/\"},\"author\":{\"name\":\"Medina(e)ko Naikari\",\"@id\":\"https:\\\/\\\/emakumeakzientzian.eus\\\/es\\\/#\\\/schema\\\/person\\\/8ac9bd602935d281023672e667a6b1ee\"},\"headline\":\"Emakumeak Zientzian, una vida m\u00e1s all\u00e1 de la ciencia\",\"datePublished\":\"2024-02-09T10:19:08+00:00\",\"dateModified\":\"2024-02-09T10:24:14+00:00\",\"mainEntityOfPage\":{\"@id\":\"https:\\\/\\\/emakumeakzientzian.eus\\\/es\\\/emakumeak-zientzian-zientziaz-haragoko-bizitza\\\/\"},\"wordCount\":850,\"publisher\":{\"@id\":\"https:\\\/\\\/emakumeakzientzian.eus\\\/es\\\/#organization\"},\"image\":{\"@id\":\"https:\\\/\\\/emakumeakzientzian.eus\\\/es\\\/emakumeak-zientzian-zientziaz-haragoko-bizitza\\\/#primaryimage\"},\"thumbnailUrl\":\"https:\\\/\\\/emakumeakzientzian.eus\\\/wp-content\\\/uploads\\\/2024\\\/02\\\/Emakumeak-Zientzian-scaled.jpg\",\"articleSection\":[\"Sin categorizar\"],\"inLanguage\":\"es\"},{\"@type\":\"WebPage\",\"@id\":\"https:\\\/\\\/emakumeakzientzian.eus\\\/es\\\/emakumeak-zientzian-zientziaz-haragoko-bizitza\\\/\",\"url\":\"https:\\\/\\\/emakumeakzientzian.eus\\\/es\\\/emakumeak-zientzian-zientziaz-haragoko-bizitza\\\/\",\"name\":\"Emakumeak Zientzian, una vida m\u00e1s all\u00e1 de la ciencia - Emakumeak zientzian\",\"isPartOf\":{\"@id\":\"https:\\\/\\\/emakumeakzientzian.eus\\\/es\\\/#website\"},\"primaryImageOfPage\":{\"@id\":\"https:\\\/\\\/emakumeakzientzian.eus\\\/es\\\/emakumeak-zientzian-zientziaz-haragoko-bizitza\\\/#primaryimage\"},\"image\":{\"@id\":\"https:\\\/\\\/emakumeakzientzian.eus\\\/es\\\/emakumeak-zientzian-zientziaz-haragoko-bizitza\\\/#primaryimage\"},\"thumbnailUrl\":\"https:\\\/\\\/emakumeakzientzian.eus\\\/wp-content\\\/uploads\\\/2024\\\/02\\\/Emakumeak-Zientzian-scaled.jpg\",\"datePublished\":\"2024-02-09T10:19:08+00:00\",\"dateModified\":\"2024-02-09T10:24:14+00:00\",\"breadcrumb\":{\"@id\":\"https:\\\/\\\/emakumeakzientzian.eus\\\/es\\\/emakumeak-zientzian-zientziaz-haragoko-bizitza\\\/#breadcrumb\"},\"inLanguage\":\"es\",\"potentialAction\":[{\"@type\":\"ReadAction\",\"target\":[\"https:\\\/\\\/emakumeakzientzian.eus\\\/es\\\/emakumeak-zientzian-zientziaz-haragoko-bizitza\\\/\"]}]},{\"@type\":\"ImageObject\",\"inLanguage\":\"es\",\"@id\":\"https:\\\/\\\/emakumeakzientzian.eus\\\/es\\\/emakumeak-zientzian-zientziaz-haragoko-bizitza\\\/#primaryimage\",\"url\":\"https:\\\/\\\/emakumeakzientzian.eus\\\/wp-content\\\/uploads\\\/2024\\\/02\\\/Emakumeak-Zientzian-scaled.jpg\",\"contentUrl\":\"https:\\\/\\\/emakumeakzientzian.eus\\\/wp-content\\\/uploads\\\/2024\\\/02\\\/Emakumeak-Zientzian-scaled.jpg\",\"width\":2560,\"height\":1440},{\"@type\":\"BreadcrumbList\",\"@id\":\"https:\\\/\\\/emakumeakzientzian.eus\\\/es\\\/emakumeak-zientzian-zientziaz-haragoko-bizitza\\\/#breadcrumb\",\"itemListElement\":[{\"@type\":\"ListItem\",\"position\":1,\"name\":\"Home\",\"item\":\"https:\\\/\\\/emakumeakzientzian.eus\\\/es\\\/\"},{\"@type\":\"ListItem\",\"position\":2,\"name\":\"Emakumeak Zientzian, una vida m\u00e1s all\u00e1 de la ciencia\"}]},{\"@type\":\"WebSite\",\"@id\":\"https:\\\/\\\/emakumeakzientzian.eus\\\/es\\\/#website\",\"url\":\"https:\\\/\\\/emakumeakzientzian.eus\\\/es\\\/\",\"name\":\"Emakumeak zientzian\",\"description\":\"Emakumeak zientzian jardunaldiak\",\"publisher\":{\"@id\":\"https:\\\/\\\/emakumeakzientzian.eus\\\/es\\\/#organization\"},\"potentialAction\":[{\"@type\":\"SearchAction\",\"target\":{\"@type\":\"EntryPoint\",\"urlTemplate\":\"https:\\\/\\\/emakumeakzientzian.eus\\\/es\\\/?s={search_term_string}\"},\"query-input\":{\"@type\":\"PropertyValueSpecification\",\"valueRequired\":true,\"valueName\":\"search_term_string\"}}],\"inLanguage\":\"es\"},{\"@type\":\"Organization\",\"@id\":\"https:\\\/\\\/emakumeakzientzian.eus\\\/es\\\/#organization\",\"name\":\"Emakumeak Zientzian\",\"url\":\"https:\\\/\\\/emakumeakzientzian.eus\\\/es\\\/\",\"logo\":{\"@type\":\"ImageObject\",\"inLanguage\":\"es\",\"@id\":\"https:\\\/\\\/emakumeakzientzian.eus\\\/es\\\/#\\\/schema\\\/logo\\\/image\\\/\",\"url\":\"https:\\\/\\\/emakumeakzientzian.eus\\\/wp-content\\\/uploads\\\/2022\\\/11\\\/Logo-EEZZ.png\",\"contentUrl\":\"https:\\\/\\\/emakumeakzientzian.eus\\\/wp-content\\\/uploads\\\/2022\\\/11\\\/Logo-EEZZ.png\",\"width\":1364,\"height\":1396,\"caption\":\"Emakumeak Zientzian\"},\"image\":{\"@id\":\"https:\\\/\\\/emakumeakzientzian.eus\\\/es\\\/#\\\/schema\\\/logo\\\/image\\\/\"}},{\"@type\":\"Person\",\"@id\":\"https:\\\/\\\/emakumeakzientzian.eus\\\/es\\\/#\\\/schema\\\/person\\\/8ac9bd602935d281023672e667a6b1ee\",\"name\":\"Medina(e)ko Naikari\",\"image\":{\"@type\":\"ImageObject\",\"inLanguage\":\"es\",\"@id\":\"https:\\\/\\\/secure.gravatar.com\\\/avatar\\\/0fb9319d677e05831a36293cb7e4a445b86e88a3657c9ebe2056c3539673a4d5?s=96&d=mm&r=g\",\"url\":\"https:\\\/\\\/secure.gravatar.com\\\/avatar\\\/0fb9319d677e05831a36293cb7e4a445b86e88a3657c9ebe2056c3539673a4d5?s=96&d=mm&r=g\",\"contentUrl\":\"https:\\\/\\\/secure.gravatar.com\\\/avatar\\\/0fb9319d677e05831a36293cb7e4a445b86e88a3657c9ebe2056c3539673a4d5?s=96&d=mm&r=g\",\"caption\":\"Medina(e)ko Naikari\"},\"url\":\"https:\\\/\\\/emakumeakzientzian.eus\\\/es\\\/author\\\/naikari-digital\\\/\"}]}<\/script>\n<!-- \/ Yoast SEO plugin. -->","yoast_head_json":{"title":"Emakumeak Zientzian, una vida m\u00e1s all\u00e1 de la ciencia - Emakumeak zientzian","robots":{"index":"index","follow":"follow","max-snippet":"max-snippet:-1","max-image-preview":"max-image-preview:large","max-video-preview":"max-video-preview:-1"},"canonical":"https:\/\/emakumeakzientzian.eus\/es\/emakumeak-zientzian-zientziaz-haragoko-bizitza\/","og_locale":"es_ES","og_type":"article","og_title":"Emakumeak Zientzian, una vida m\u00e1s all\u00e1 de la ciencia - Emakumeak zientzian","og_description":"* Arranca en un ambiente festivo la 8.\u00aa edici\u00f3n de Emakumeak Zientzian para subrayar que las personas del \u00e1mbito cient\u00edfico-tecnol\u00f3gico quieren ser ante todo personas con una vida plena. * Treinta y dos entidades vascas organizan conjuntamente un amplio programa de m\u00e1s de 60 actividades en \u00c1lava, Bizkaia y Gipuzkoa. San Sebasti\u00e1n, a 8 de...","og_url":"https:\/\/emakumeakzientzian.eus\/es\/emakumeak-zientzian-zientziaz-haragoko-bizitza\/","og_site_name":"Emakumeak zientzian","article_published_time":"2024-02-09T10:19:08+00:00","article_modified_time":"2024-02-09T10:24:14+00:00","og_image":[{"width":2560,"height":1440,"url":"https:\/\/emakumeakzientzian.eus\/wp-content\/uploads\/2024\/02\/Emakumeak-Zientzian-scaled.jpg","type":"image\/jpeg"}],"author":"Medina(e)ko Naikari","twitter_card":"summary_large_image","twitter_misc":{"Escrito por":"Medina(e)ko Naikari","Tiempo de lectura":"5 minutos"},"schema":{"@context":"https:\/\/schema.org","@graph":[{"@type":"Article","@id":"https:\/\/emakumeakzientzian.eus\/es\/emakumeak-zientzian-zientziaz-haragoko-bizitza\/#article","isPartOf":{"@id":"https:\/\/emakumeakzientzian.eus\/es\/emakumeak-zientzian-zientziaz-haragoko-bizitza\/"},"author":{"name":"Medina(e)ko Naikari","@id":"https:\/\/emakumeakzientzian.eus\/es\/#\/schema\/person\/8ac9bd602935d281023672e667a6b1ee"},"headline":"Emakumeak Zientzian, una vida m\u00e1s all\u00e1 de la ciencia","datePublished":"2024-02-09T10:19:08+00:00","dateModified":"2024-02-09T10:24:14+00:00","mainEntityOfPage":{"@id":"https:\/\/emakumeakzientzian.eus\/es\/emakumeak-zientzian-zientziaz-haragoko-bizitza\/"},"wordCount":850,"publisher":{"@id":"https:\/\/emakumeakzientzian.eus\/es\/#organization"},"image":{"@id":"https:\/\/emakumeakzientzian.eus\/es\/emakumeak-zientzian-zientziaz-haragoko-bizitza\/#primaryimage"},"thumbnailUrl":"https:\/\/emakumeakzientzian.eus\/wp-content\/uploads\/2024\/02\/Emakumeak-Zientzian-scaled.jpg","articleSection":["Sin categorizar"],"inLanguage":"es"},{"@type":"WebPage","@id":"https:\/\/emakumeakzientzian.eus\/es\/emakumeak-zientzian-zientziaz-haragoko-bizitza\/","url":"https:\/\/emakumeakzientzian.eus\/es\/emakumeak-zientzian-zientziaz-haragoko-bizitza\/","name":"Emakumeak Zientzian, una vida m\u00e1s all\u00e1 de la ciencia - Emakumeak zientzian","isPartOf":{"@id":"https:\/\/emakumeakzientzian.eus\/es\/#website"},"primaryImageOfPage":{"@id":"https:\/\/emakumeakzientzian.eus\/es\/emakumeak-zientzian-zientziaz-haragoko-bizitza\/#primaryimage"},"image":{"@id":"https:\/\/emakumeakzientzian.eus\/es\/emakumeak-zientzian-zientziaz-haragoko-bizitza\/#primaryimage"},"thumbnailUrl":"https:\/\/emakumeakzientzian.eus\/wp-content\/uploads\/2024\/02\/Emakumeak-Zientzian-scaled.jpg","datePublished":"2024-02-09T10:19:08+00:00","dateModified":"2024-02-09T10:24:14+00:00","breadcrumb":{"@id":"https:\/\/emakumeakzientzian.eus\/es\/emakumeak-zientzian-zientziaz-haragoko-bizitza\/#breadcrumb"},"inLanguage":"es","potentialAction":[{"@type":"ReadAction","target":["https:\/\/emakumeakzientzian.eus\/es\/emakumeak-zientzian-zientziaz-haragoko-bizitza\/"]}]},{"@type":"ImageObject","inLanguage":"es","@id":"https:\/\/emakumeakzientzian.eus\/es\/emakumeak-zientzian-zientziaz-haragoko-bizitza\/#primaryimage","url":"https:\/\/emakumeakzientzian.eus\/wp-content\/uploads\/2024\/02\/Emakumeak-Zientzian-scaled.jpg","contentUrl":"https:\/\/emakumeakzientzian.eus\/wp-content\/uploads\/2024\/02\/Emakumeak-Zientzian-scaled.jpg","width":2560,"height":1440},{"@type":"BreadcrumbList","@id":"https:\/\/emakumeakzientzian.eus\/es\/emakumeak-zientzian-zientziaz-haragoko-bizitza\/#breadcrumb","itemListElement":[{"@type":"ListItem","position":1,"name":"Home","item":"https:\/\/emakumeakzientzian.eus\/es\/"},{"@type":"ListItem","position":2,"name":"Emakumeak Zientzian, una vida m\u00e1s all\u00e1 de la ciencia"}]},{"@type":"WebSite","@id":"https:\/\/emakumeakzientzian.eus\/es\/#website","url":"https:\/\/emakumeakzientzian.eus\/es\/","name":"Emakumeak zientzian","description":"Emakumeak zientzian jardunaldiak","publisher":{"@id":"https:\/\/emakumeakzientzian.eus\/es\/#organization"},"potentialAction":[{"@type":"SearchAction","target":{"@type":"EntryPoint","urlTemplate":"https:\/\/emakumeakzientzian.eus\/es\/?s={search_term_string}"},"query-input":{"@type":"PropertyValueSpecification","valueRequired":true,"valueName":"search_term_string"}}],"inLanguage":"es"},{"@type":"Organization","@id":"https:\/\/emakumeakzientzian.eus\/es\/#organization","name":"Emakumeak Zientzian","url":"https:\/\/emakumeakzientzian.eus\/es\/","logo":{"@type":"ImageObject","inLanguage":"es","@id":"https:\/\/emakumeakzientzian.eus\/es\/#\/schema\/logo\/image\/","url":"https:\/\/emakumeakzientzian.eus\/wp-content\/uploads\/2022\/11\/Logo-EEZZ.png","contentUrl":"https:\/\/emakumeakzientzian.eus\/wp-content\/uploads\/2022\/11\/Logo-EEZZ.png","width":1364,"height":1396,"caption":"Emakumeak Zientzian"},"image":{"@id":"https:\/\/emakumeakzientzian.eus\/es\/#\/schema\/logo\/image\/"}},{"@type":"Person","@id":"https:\/\/emakumeakzientzian.eus\/es\/#\/schema\/person\/8ac9bd602935d281023672e667a6b1ee","name":"Medina(e)ko Naikari","image":{"@type":"ImageObject","inLanguage":"es","@id":"https:\/\/secure.gravatar.com\/avatar\/0fb9319d677e05831a36293cb7e4a445b86e88a3657c9ebe2056c3539673a4d5?s=96&d=mm&r=g","url":"https:\/\/secure.gravatar.com\/avatar\/0fb9319d677e05831a36293cb7e4a445b86e88a3657c9ebe2056c3539673a4d5?s=96&d=mm&r=g","contentUrl":"https:\/\/secure.gravatar.com\/avatar\/0fb9319d677e05831a36293cb7e4a445b86e88a3657c9ebe2056c3539673a4d5?s=96&d=mm&r=g","caption":"Medina(e)ko Naikari"},"url":"https:\/\/emakumeakzientzian.eus\/es\/author\/naikari-digital\/"}]}},"_links":{"self":[{"href":"https:\/\/emakumeakzientzian.eus\/es\/wp-json\/wp\/v2\/posts\/6549","targetHints":{"allow":["GET"]}}],"collection":[{"href":"https:\/\/emakumeakzientzian.eus\/es\/wp-json\/wp\/v2\/posts"}],"about":[{"href":"https:\/\/emakumeakzientzian.eus\/es\/wp-json\/wp\/v2\/types\/post"}],"author":[{"embeddable":true,"href":"https:\/\/emakumeakzientzian.eus\/es\/wp-json\/wp\/v2\/users\/3"}],"replies":[{"embeddable":true,"href":"https:\/\/emakumeakzientzian.eus\/es\/wp-json\/wp\/v2\/comments?post=6549"}],"version-history":[{"count":1,"href":"https:\/\/emakumeakzientzian.eus\/es\/wp-json\/wp\/v2\/posts\/6549\/revisions"}],"predecessor-version":[{"id":6550,"href":"https:\/\/emakumeakzientzian.eus\/es\/wp-json\/wp\/v2\/posts\/6549\/revisions\/6550"}],"wp:featuredmedia":[{"embeddable":true,"href":"https:\/\/emakumeakzientzian.eus\/es\/wp-json\/wp\/v2\/media\/6544"}],"wp:attachment":[{"href":"https:\/\/emakumeakzientzian.eus\/es\/wp-json\/wp\/v2\/media?parent=6549"}],"wp:term":[{"taxonomy":"category","embeddable":true,"href":"https:\/\/emakumeakzientzian.eus\/es\/wp-json\/wp\/v2\/categories?post=6549"},{"taxonomy":"post_tag","embeddable":true,"href":"https:\/\/emakumeakzientzian.eus\/es\/wp-json\/wp\/v2\/tags?post=6549"}],"curies":[{"name":"wp","href":"https:\/\/api.w.org\/{rel}","templated":true}]}}