{"id":3346,"date":"2022-12-15T18:59:13","date_gmt":"2022-12-15T17:59:13","guid":{"rendered":"https:\/\/emakumeakzientzian.eus\/24-entidades-vascas-han-firmado-el-convenio-de-la-7o-edicion-de-emakumeak-zientzian\/"},"modified":"2022-12-15T19:05:01","modified_gmt":"2022-12-15T18:05:01","slug":"ya-viene-la-7-edicion-de-emakumeak-zientzian-con-la-firma-del-convenio-entre-24-entidades-vascas","status":"publish","type":"post","link":"https:\/\/emakumeakzientzian.eus\/es\/ya-viene-la-7-edicion-de-emakumeak-zientzian-con-la-firma-del-convenio-entre-24-entidades-vascas\/","title":{"rendered":"24 entidades vascas han firmado el convenio de la 7\u00ba edici\u00f3n de Emakumeak Zientzian"},"content":{"rendered":"<h2><strong>Las mujeres, en primera l\u00ednea de la ciencia y la tecnolog\u00eda<\/strong><\/h2>\n<p><strong> <img loading=\"lazy\" decoding=\"async\" class=\"size-medium wp-image-3343 alignleft\" src=\"https:\/\/emakumeakzientzian.eus\/wp-content\/uploads\/2022\/12\/Emakumeak-Zientzian-2023-300x200.jpg\" alt=\"\" width=\"300\" height=\"200\" srcset=\"https:\/\/emakumeakzientzian.eus\/wp-content\/uploads\/2022\/12\/Emakumeak-Zientzian-2023-300x200.jpg 300w, https:\/\/emakumeakzientzian.eus\/wp-content\/uploads\/2022\/12\/Emakumeak-Zientzian-2023-1024x682.jpg 1024w, https:\/\/emakumeakzientzian.eus\/wp-content\/uploads\/2022\/12\/Emakumeak-Zientzian-2023-503x335.jpg 503w, https:\/\/emakumeakzientzian.eus\/wp-content\/uploads\/2022\/12\/Emakumeak-Zientzian-2023.jpg 1600w\" sizes=\"auto, (max-width: 300px) 100vw, 300px\" \/><\/strong><\/p>\n<p>Veinticuatro entidades vascas unen fuerzas en torno al proyecto <em>Emakumeak Zientzian<\/em> a trav\u00e9s de la firma de un nuevo acuerdo de colaboraci\u00f3n, ratificando as\u00ed su compromiso con los objetivos de la iniciativa: hacer visible la actividad de las mujeres en ciencia, romper con los roles t\u00edpicamente masculinos atribuidos a las actividades cient\u00edfico-t\u00e9cnicas y fomentar la elecci\u00f3n de carreras cient\u00edficas entre ni\u00f1as y adolescentes. Con estos objetivos en mente, las entidades suman fuerzas para la organizaci\u00f3n de un programa de actividades conjunto con motivo del D\u00eda Internacional de la Mujer y la Ni\u00f1a en la Ciencia, que se celebra cada a\u00f1o el 11 de febrero.<\/p>\n<p>Las 24 entidades firmantes del acuerdo para la organizaci\u00f3n conjunta de la 7.\u00aa edici\u00f3n de <em>Emakumeak Zientzian <\/em>son una muestra representativa importante del tejido de la ciencia y la tecnolog\u00eda en Euskadi: el Centro de F\u00edsica de Materiales (CFM CSIC-UPV\/EHU), Ach\u00facarro, CIC biomaGUNE, CIC nanoGUNE, Universidad de Deusto, POLYMAT, Basque Centre for Climate Change (BC3), Basque Center for Applied Mathematics (BCAM), Basque Center on Cognition, Brain and Language (BCBL), Biodonostia, Ceit, Cidetec, Donostia International Physics Center (DIPC), Elhuyar, Eureka! Zientzia Museoa, Fundaci\u00f3n Biof\u00edsica Bizkaia (FBB), Ikerlan, Ingeniariak &#8211; Colegio Oficial de Ingenieros Industriales de Gipuzkoa, Parques Tecnol\u00f3gicos de Euskadi, Tecnalia, Tecnun-Escuela de Ingenieria, la Facultad de Inform\u00e1tica, la Escuela de Ingenier\u00eda de Gipuzkoa y la Facultad de Qu\u00edmica de la UPV\/EHU.<\/p>\n<p>Esta uni\u00f3n es el resultado de una iniciativa \u2013<em>Emakumeak zientzian-<\/em> de \u2018puertas abiertas\u2019 con vocaci\u00f3n aglutinadora y que tiene claro que sumando somos mejores. As\u00ed, gracias en gran medida a la implicaci\u00f3n y dedicaci\u00f3n de decenas de profesionales del \u00e1mbito de la ciencia y la tecnolog\u00eda (investigadoras\/es, docentes de la universidad, ingenieras\/os, etc.), las entidades organizadoras est\u00e1n ya trabajando en el dise\u00f1o de m\u00e1s de 50 actividades para que el mensaje de que \u2018la ciencia s\u00ed es cosa de chicas\u2019 llegue y cale en el mayor n\u00famero posible de personas. El programa completo se dar\u00e1 a conocer el pr\u00f3ximo 18 de enero y ser\u00e1 entonces cuando se abrir\u00e1n las inscripciones. \u00a1Ya est\u00e1 en marcha la cuenta atr\u00e1s!<\/p>\n<p>Cabe destacar que durante el pasado a\u00f1o, la iniciativa <em>Emakumeak Zientzian <\/em>ha ganado el 1er premio STEAM Euskadi y la menci\u00f3n especial de perspectiva de g\u00e9nero en la categor\u00eda de<em> Iniciativa m\u00e1s innovadora de Educaci\u00f3n STEAM promovida por otras entidades,<\/em> concedidos por el\u00a0<a href=\"https:\/\/www.euskadi.eus\/gobierno-vasco\/departamento-educacion\/\">Departamento de Educaci\u00f3n del Gobierno Vasco<\/a>\u00a0e\u00a0<a href=\"https:\/\/www.innobasque.eus\/\">Innobasque<\/a>, as\u00ed como el reconocimiento del Ayuntamiento de San Sebasti\u00e1n a trav\u00e9s de Fomento San Sebasti\u00e1n durante la IX edici\u00f3n de la Semana de la Innovaci\u00f3n.<\/p>\n<p><strong>Antecedentes<\/strong><\/p>\n<p>La Asamblea General de las Naciones Unidas decidi\u00f3 en 2016 proclamar el 11 de febrero como el D\u00eda Internacional de la Mujer y la Ni\u00f1a en la Ciencia, con el fin de lograr el acceso y la participaci\u00f3n plena y equitativa en la ciencia para las mujeres y las ni\u00f1as. Las entidades organizadoras de <em>Emakumeak Zientzian<\/em> reconocen \u00e9ste como un objetivo estrat\u00e9gico y, en este contexto, se unen para promover, organizar, desarrollar, presentar y ejecutar un amplio programa de actividades conjunto que va cogiendo mayor dimensi\u00f3n con el paso de los a\u00f1os.<\/p>\n<p>En 2017, el centro de investigaci\u00f3n CIC nanoGUNE llev\u00f3 a cabo una serie de actividades de sensibilizaci\u00f3n y divulgaci\u00f3n. En 2018 y 2019, el Centro de F\u00edsica de Materiales (CFM CSIC-UPV\/EHU), Donostia International Physics Center (DIPC) y CIC biomaGUNE se sumaron a la iniciativa <em>Emakumeak Zientzian<\/em> y los cuatro centros llevaron a cabo un programa de actividades m\u00e1s completo. En el a\u00f1o 2020, fueron ya nueve las entidades asociadas al proyecto. En 2021, a pesar de la crisis sanitaria causada por la pandemia, 11 entidades se sumaron para presentar un programa de actividades eminentemente virtual. En 2022, diecisiete entidades vascas unieron fuerzas en torno al proyecto, y de cara al pr\u00f3ximo a\u00f1o, 2023, veinticuatro entidades han ratificado su compromiso con los objetivos del proyecto y se han unido para preparar un programa de actividades que llegue cada vez a m\u00e1s personas.<\/p>\n","protected":false},"excerpt":{"rendered":"<p>Las mujeres, en primera l\u00ednea de la ciencia y la tecnolog\u00eda Veinticuatro entidades vascas unen fuerzas en torno al proyecto Emakumeak Zientzian a trav\u00e9s de la firma de un nuevo acuerdo de colaboraci\u00f3n, ratificando as\u00ed su compromiso con los objetivos de la iniciativa: hacer visible la actividad de las mujeres en ciencia, romper con los&#8230;<\/p>\n","protected":false},"author":2,"featured_media":3344,"comment_status":"closed","ping_status":"open","sticky":false,"template":"","format":"standard","meta":{"_acf_changed":false,"footnotes":""},"categories":[15],"tags":[],"class_list":["post-3346","post","type-post","status-publish","format-standard","has-post-thumbnail","hentry","category-noticias"],"acf":[],"yoast_head":"<!-- This site is optimized with the Yoast SEO plugin v27.3 - https:\/\/yoast.com\/product\/yoast-seo-wordpress\/ -->\n<title>24 entidades vascas han firmado el convenio de la 7\u00ba edici\u00f3n de Emakumeak Zientzian - Emakumeak zientzian<\/title>\n<meta name=\"robots\" content=\"index, follow, max-snippet:-1, max-image-preview:large, max-video-preview:-1\" \/>\n<link rel=\"canonical\" href=\"https:\/\/emakumeakzientzian.eus\/es\/ya-viene-la-7-edicion-de-emakumeak-zientzian-con-la-firma-del-convenio-entre-24-entidades-vascas\/\" \/>\n<meta property=\"og:locale\" content=\"es_ES\" \/>\n<meta property=\"og:type\" content=\"article\" \/>\n<meta property=\"og:title\" content=\"24 entidades vascas han firmado el convenio de la 7\u00ba edici\u00f3n de Emakumeak Zientzian - Emakumeak zientzian\" \/>\n<meta property=\"og:description\" content=\"Las mujeres, en primera l\u00ednea de la ciencia y la tecnolog\u00eda Veinticuatro entidades vascas unen fuerzas en torno al proyecto Emakumeak Zientzian a trav\u00e9s de la firma de un nuevo acuerdo de colaboraci\u00f3n, ratificando as\u00ed su compromiso con los objetivos de la iniciativa: hacer visible la actividad de las mujeres en ciencia, romper con los...\" \/>\n<meta property=\"og:url\" content=\"https:\/\/emakumeakzientzian.eus\/es\/ya-viene-la-7-edicion-de-emakumeak-zientzian-con-la-firma-del-convenio-entre-24-entidades-vascas\/\" \/>\n<meta property=\"og:site_name\" content=\"Emakumeak zientzian\" \/>\n<meta property=\"article:published_time\" content=\"2022-12-15T17:59:13+00:00\" \/>\n<meta property=\"article:modified_time\" content=\"2022-12-15T18:05:01+00:00\" \/>\n<meta property=\"og:image\" content=\"https:\/\/emakumeakzientzian.eus\/wp-content\/uploads\/2022\/12\/Emakumeak-Zientzian-2023.jpg\" \/>\n\t<meta property=\"og:image:width\" content=\"1600\" \/>\n\t<meta property=\"og:image:height\" content=\"1066\" \/>\n\t<meta property=\"og:image:type\" content=\"image\/jpeg\" \/>\n<meta name=\"author\" content=\"Kortabitarte(e)ko Irati\" \/>\n<meta name=\"twitter:card\" content=\"summary_large_image\" \/>\n<meta name=\"twitter:label1\" content=\"Escrito por\" \/>\n\t<meta name=\"twitter:data1\" content=\"Kortabitarte(e)ko Irati\" \/>\n\t<meta name=\"twitter:label2\" content=\"Tiempo de lectura\" \/>\n\t<meta name=\"twitter:data2\" content=\"4 minutos\" \/>\n<script type=\"application\/ld+json\" class=\"yoast-schema-graph\">{\"@context\":\"https:\\\/\\\/schema.org\",\"@graph\":[{\"@type\":\"Article\",\"@id\":\"https:\\\/\\\/emakumeakzientzian.eus\\\/es\\\/ya-viene-la-7-edicion-de-emakumeak-zientzian-con-la-firma-del-convenio-entre-24-entidades-vascas\\\/#article\",\"isPartOf\":{\"@id\":\"https:\\\/\\\/emakumeakzientzian.eus\\\/es\\\/ya-viene-la-7-edicion-de-emakumeak-zientzian-con-la-firma-del-convenio-entre-24-entidades-vascas\\\/\"},\"author\":{\"name\":\"Kortabitarte(e)ko Irati\",\"@id\":\"https:\\\/\\\/emakumeakzientzian.eus\\\/es\\\/#\\\/schema\\\/person\\\/73b2a7020ae46008c513020b3af78833\"},\"headline\":\"24 entidades vascas han firmado el convenio de la 7\u00ba edici\u00f3n de Emakumeak Zientzian\",\"datePublished\":\"2022-12-15T17:59:13+00:00\",\"dateModified\":\"2022-12-15T18:05:01+00:00\",\"mainEntityOfPage\":{\"@id\":\"https:\\\/\\\/emakumeakzientzian.eus\\\/es\\\/ya-viene-la-7-edicion-de-emakumeak-zientzian-con-la-firma-del-convenio-entre-24-entidades-vascas\\\/\"},\"wordCount\":731,\"publisher\":{\"@id\":\"https:\\\/\\\/emakumeakzientzian.eus\\\/es\\\/#organization\"},\"image\":{\"@id\":\"https:\\\/\\\/emakumeakzientzian.eus\\\/es\\\/ya-viene-la-7-edicion-de-emakumeak-zientzian-con-la-firma-del-convenio-entre-24-entidades-vascas\\\/#primaryimage\"},\"thumbnailUrl\":\"https:\\\/\\\/emakumeakzientzian.eus\\\/wp-content\\\/uploads\\\/2022\\\/12\\\/Emakumeak-Zientzian-2023.jpg\",\"articleSection\":[\"Noticias\"],\"inLanguage\":\"es\"},{\"@type\":\"WebPage\",\"@id\":\"https:\\\/\\\/emakumeakzientzian.eus\\\/es\\\/ya-viene-la-7-edicion-de-emakumeak-zientzian-con-la-firma-del-convenio-entre-24-entidades-vascas\\\/\",\"url\":\"https:\\\/\\\/emakumeakzientzian.eus\\\/es\\\/ya-viene-la-7-edicion-de-emakumeak-zientzian-con-la-firma-del-convenio-entre-24-entidades-vascas\\\/\",\"name\":\"24 entidades vascas han firmado el convenio de la 7\u00ba edici\u00f3n de Emakumeak Zientzian - Emakumeak zientzian\",\"isPartOf\":{\"@id\":\"https:\\\/\\\/emakumeakzientzian.eus\\\/es\\\/#website\"},\"primaryImageOfPage\":{\"@id\":\"https:\\\/\\\/emakumeakzientzian.eus\\\/es\\\/ya-viene-la-7-edicion-de-emakumeak-zientzian-con-la-firma-del-convenio-entre-24-entidades-vascas\\\/#primaryimage\"},\"image\":{\"@id\":\"https:\\\/\\\/emakumeakzientzian.eus\\\/es\\\/ya-viene-la-7-edicion-de-emakumeak-zientzian-con-la-firma-del-convenio-entre-24-entidades-vascas\\\/#primaryimage\"},\"thumbnailUrl\":\"https:\\\/\\\/emakumeakzientzian.eus\\\/wp-content\\\/uploads\\\/2022\\\/12\\\/Emakumeak-Zientzian-2023.jpg\",\"datePublished\":\"2022-12-15T17:59:13+00:00\",\"dateModified\":\"2022-12-15T18:05:01+00:00\",\"breadcrumb\":{\"@id\":\"https:\\\/\\\/emakumeakzientzian.eus\\\/es\\\/ya-viene-la-7-edicion-de-emakumeak-zientzian-con-la-firma-del-convenio-entre-24-entidades-vascas\\\/#breadcrumb\"},\"inLanguage\":\"es\",\"potentialAction\":[{\"@type\":\"ReadAction\",\"target\":[\"https:\\\/\\\/emakumeakzientzian.eus\\\/es\\\/ya-viene-la-7-edicion-de-emakumeak-zientzian-con-la-firma-del-convenio-entre-24-entidades-vascas\\\/\"]}]},{\"@type\":\"ImageObject\",\"inLanguage\":\"es\",\"@id\":\"https:\\\/\\\/emakumeakzientzian.eus\\\/es\\\/ya-viene-la-7-edicion-de-emakumeak-zientzian-con-la-firma-del-convenio-entre-24-entidades-vascas\\\/#primaryimage\",\"url\":\"https:\\\/\\\/emakumeakzientzian.eus\\\/wp-content\\\/uploads\\\/2022\\\/12\\\/Emakumeak-Zientzian-2023.jpg\",\"contentUrl\":\"https:\\\/\\\/emakumeakzientzian.eus\\\/wp-content\\\/uploads\\\/2022\\\/12\\\/Emakumeak-Zientzian-2023.jpg\",\"width\":1600,\"height\":1066},{\"@type\":\"BreadcrumbList\",\"@id\":\"https:\\\/\\\/emakumeakzientzian.eus\\\/es\\\/ya-viene-la-7-edicion-de-emakumeak-zientzian-con-la-firma-del-convenio-entre-24-entidades-vascas\\\/#breadcrumb\",\"itemListElement\":[{\"@type\":\"ListItem\",\"position\":1,\"name\":\"Home\",\"item\":\"https:\\\/\\\/emakumeakzientzian.eus\\\/es\\\/\"},{\"@type\":\"ListItem\",\"position\":2,\"name\":\"24 entidades vascas han firmado el convenio de la 7\u00ba edici\u00f3n de Emakumeak Zientzian\"}]},{\"@type\":\"WebSite\",\"@id\":\"https:\\\/\\\/emakumeakzientzian.eus\\\/es\\\/#website\",\"url\":\"https:\\\/\\\/emakumeakzientzian.eus\\\/es\\\/\",\"name\":\"Emakumeak zientzian\",\"description\":\"Emakumeak zientzian jardunaldiak\",\"publisher\":{\"@id\":\"https:\\\/\\\/emakumeakzientzian.eus\\\/es\\\/#organization\"},\"potentialAction\":[{\"@type\":\"SearchAction\",\"target\":{\"@type\":\"EntryPoint\",\"urlTemplate\":\"https:\\\/\\\/emakumeakzientzian.eus\\\/es\\\/?s={search_term_string}\"},\"query-input\":{\"@type\":\"PropertyValueSpecification\",\"valueRequired\":true,\"valueName\":\"search_term_string\"}}],\"inLanguage\":\"es\"},{\"@type\":\"Organization\",\"@id\":\"https:\\\/\\\/emakumeakzientzian.eus\\\/es\\\/#organization\",\"name\":\"Emakumeak Zientzian\",\"url\":\"https:\\\/\\\/emakumeakzientzian.eus\\\/es\\\/\",\"logo\":{\"@type\":\"ImageObject\",\"inLanguage\":\"es\",\"@id\":\"https:\\\/\\\/emakumeakzientzian.eus\\\/es\\\/#\\\/schema\\\/logo\\\/image\\\/\",\"url\":\"https:\\\/\\\/emakumeakzientzian.eus\\\/wp-content\\\/uploads\\\/2022\\\/11\\\/Logo-EEZZ.png\",\"contentUrl\":\"https:\\\/\\\/emakumeakzientzian.eus\\\/wp-content\\\/uploads\\\/2022\\\/11\\\/Logo-EEZZ.png\",\"width\":1364,\"height\":1396,\"caption\":\"Emakumeak Zientzian\"},\"image\":{\"@id\":\"https:\\\/\\\/emakumeakzientzian.eus\\\/es\\\/#\\\/schema\\\/logo\\\/image\\\/\"}},{\"@type\":\"Person\",\"@id\":\"https:\\\/\\\/emakumeakzientzian.eus\\\/es\\\/#\\\/schema\\\/person\\\/73b2a7020ae46008c513020b3af78833\",\"name\":\"Kortabitarte(e)ko Irati\",\"image\":{\"@type\":\"ImageObject\",\"inLanguage\":\"es\",\"@id\":\"https:\\\/\\\/secure.gravatar.com\\\/avatar\\\/6426ed3ffb4c14b828856bf52e03bdca67952ce930b07d5898ed2843cdc8b889?s=96&d=mm&r=g\",\"url\":\"https:\\\/\\\/secure.gravatar.com\\\/avatar\\\/6426ed3ffb4c14b828856bf52e03bdca67952ce930b07d5898ed2843cdc8b889?s=96&d=mm&r=g\",\"contentUrl\":\"https:\\\/\\\/secure.gravatar.com\\\/avatar\\\/6426ed3ffb4c14b828856bf52e03bdca67952ce930b07d5898ed2843cdc8b889?s=96&d=mm&r=g\",\"caption\":\"Kortabitarte(e)ko Irati\"},\"url\":\"https:\\\/\\\/emakumeakzientzian.eus\\\/es\\\/author\\\/irati\\\/\"}]}<\/script>\n<!-- \/ Yoast SEO plugin. -->","yoast_head_json":{"title":"24 entidades vascas han firmado el convenio de la 7\u00ba edici\u00f3n de Emakumeak Zientzian - Emakumeak zientzian","robots":{"index":"index","follow":"follow","max-snippet":"max-snippet:-1","max-image-preview":"max-image-preview:large","max-video-preview":"max-video-preview:-1"},"canonical":"https:\/\/emakumeakzientzian.eus\/es\/ya-viene-la-7-edicion-de-emakumeak-zientzian-con-la-firma-del-convenio-entre-24-entidades-vascas\/","og_locale":"es_ES","og_type":"article","og_title":"24 entidades vascas han firmado el convenio de la 7\u00ba edici\u00f3n de Emakumeak Zientzian - Emakumeak zientzian","og_description":"Las mujeres, en primera l\u00ednea de la ciencia y la tecnolog\u00eda Veinticuatro entidades vascas unen fuerzas en torno al proyecto Emakumeak Zientzian a trav\u00e9s de la firma de un nuevo acuerdo de colaboraci\u00f3n, ratificando as\u00ed su compromiso con los objetivos de la iniciativa: hacer visible la actividad de las mujeres en ciencia, romper con los...","og_url":"https:\/\/emakumeakzientzian.eus\/es\/ya-viene-la-7-edicion-de-emakumeak-zientzian-con-la-firma-del-convenio-entre-24-entidades-vascas\/","og_site_name":"Emakumeak zientzian","article_published_time":"2022-12-15T17:59:13+00:00","article_modified_time":"2022-12-15T18:05:01+00:00","og_image":[{"width":1600,"height":1066,"url":"https:\/\/emakumeakzientzian.eus\/wp-content\/uploads\/2022\/12\/Emakumeak-Zientzian-2023.jpg","type":"image\/jpeg"}],"author":"Kortabitarte(e)ko Irati","twitter_card":"summary_large_image","twitter_misc":{"Escrito por":"Kortabitarte(e)ko Irati","Tiempo de lectura":"4 minutos"},"schema":{"@context":"https:\/\/schema.org","@graph":[{"@type":"Article","@id":"https:\/\/emakumeakzientzian.eus\/es\/ya-viene-la-7-edicion-de-emakumeak-zientzian-con-la-firma-del-convenio-entre-24-entidades-vascas\/#article","isPartOf":{"@id":"https:\/\/emakumeakzientzian.eus\/es\/ya-viene-la-7-edicion-de-emakumeak-zientzian-con-la-firma-del-convenio-entre-24-entidades-vascas\/"},"author":{"name":"Kortabitarte(e)ko Irati","@id":"https:\/\/emakumeakzientzian.eus\/es\/#\/schema\/person\/73b2a7020ae46008c513020b3af78833"},"headline":"24 entidades vascas han firmado el convenio de la 7\u00ba edici\u00f3n de Emakumeak Zientzian","datePublished":"2022-12-15T17:59:13+00:00","dateModified":"2022-12-15T18:05:01+00:00","mainEntityOfPage":{"@id":"https:\/\/emakumeakzientzian.eus\/es\/ya-viene-la-7-edicion-de-emakumeak-zientzian-con-la-firma-del-convenio-entre-24-entidades-vascas\/"},"wordCount":731,"publisher":{"@id":"https:\/\/emakumeakzientzian.eus\/es\/#organization"},"image":{"@id":"https:\/\/emakumeakzientzian.eus\/es\/ya-viene-la-7-edicion-de-emakumeak-zientzian-con-la-firma-del-convenio-entre-24-entidades-vascas\/#primaryimage"},"thumbnailUrl":"https:\/\/emakumeakzientzian.eus\/wp-content\/uploads\/2022\/12\/Emakumeak-Zientzian-2023.jpg","articleSection":["Noticias"],"inLanguage":"es"},{"@type":"WebPage","@id":"https:\/\/emakumeakzientzian.eus\/es\/ya-viene-la-7-edicion-de-emakumeak-zientzian-con-la-firma-del-convenio-entre-24-entidades-vascas\/","url":"https:\/\/emakumeakzientzian.eus\/es\/ya-viene-la-7-edicion-de-emakumeak-zientzian-con-la-firma-del-convenio-entre-24-entidades-vascas\/","name":"24 entidades vascas han firmado el convenio de la 7\u00ba edici\u00f3n de Emakumeak Zientzian - Emakumeak zientzian","isPartOf":{"@id":"https:\/\/emakumeakzientzian.eus\/es\/#website"},"primaryImageOfPage":{"@id":"https:\/\/emakumeakzientzian.eus\/es\/ya-viene-la-7-edicion-de-emakumeak-zientzian-con-la-firma-del-convenio-entre-24-entidades-vascas\/#primaryimage"},"image":{"@id":"https:\/\/emakumeakzientzian.eus\/es\/ya-viene-la-7-edicion-de-emakumeak-zientzian-con-la-firma-del-convenio-entre-24-entidades-vascas\/#primaryimage"},"thumbnailUrl":"https:\/\/emakumeakzientzian.eus\/wp-content\/uploads\/2022\/12\/Emakumeak-Zientzian-2023.jpg","datePublished":"2022-12-15T17:59:13+00:00","dateModified":"2022-12-15T18:05:01+00:00","breadcrumb":{"@id":"https:\/\/emakumeakzientzian.eus\/es\/ya-viene-la-7-edicion-de-emakumeak-zientzian-con-la-firma-del-convenio-entre-24-entidades-vascas\/#breadcrumb"},"inLanguage":"es","potentialAction":[{"@type":"ReadAction","target":["https:\/\/emakumeakzientzian.eus\/es\/ya-viene-la-7-edicion-de-emakumeak-zientzian-con-la-firma-del-convenio-entre-24-entidades-vascas\/"]}]},{"@type":"ImageObject","inLanguage":"es","@id":"https:\/\/emakumeakzientzian.eus\/es\/ya-viene-la-7-edicion-de-emakumeak-zientzian-con-la-firma-del-convenio-entre-24-entidades-vascas\/#primaryimage","url":"https:\/\/emakumeakzientzian.eus\/wp-content\/uploads\/2022\/12\/Emakumeak-Zientzian-2023.jpg","contentUrl":"https:\/\/emakumeakzientzian.eus\/wp-content\/uploads\/2022\/12\/Emakumeak-Zientzian-2023.jpg","width":1600,"height":1066},{"@type":"BreadcrumbList","@id":"https:\/\/emakumeakzientzian.eus\/es\/ya-viene-la-7-edicion-de-emakumeak-zientzian-con-la-firma-del-convenio-entre-24-entidades-vascas\/#breadcrumb","itemListElement":[{"@type":"ListItem","position":1,"name":"Home","item":"https:\/\/emakumeakzientzian.eus\/es\/"},{"@type":"ListItem","position":2,"name":"24 entidades vascas han firmado el convenio de la 7\u00ba edici\u00f3n de Emakumeak Zientzian"}]},{"@type":"WebSite","@id":"https:\/\/emakumeakzientzian.eus\/es\/#website","url":"https:\/\/emakumeakzientzian.eus\/es\/","name":"Emakumeak zientzian","description":"Emakumeak zientzian jardunaldiak","publisher":{"@id":"https:\/\/emakumeakzientzian.eus\/es\/#organization"},"potentialAction":[{"@type":"SearchAction","target":{"@type":"EntryPoint","urlTemplate":"https:\/\/emakumeakzientzian.eus\/es\/?s={search_term_string}"},"query-input":{"@type":"PropertyValueSpecification","valueRequired":true,"valueName":"search_term_string"}}],"inLanguage":"es"},{"@type":"Organization","@id":"https:\/\/emakumeakzientzian.eus\/es\/#organization","name":"Emakumeak Zientzian","url":"https:\/\/emakumeakzientzian.eus\/es\/","logo":{"@type":"ImageObject","inLanguage":"es","@id":"https:\/\/emakumeakzientzian.eus\/es\/#\/schema\/logo\/image\/","url":"https:\/\/emakumeakzientzian.eus\/wp-content\/uploads\/2022\/11\/Logo-EEZZ.png","contentUrl":"https:\/\/emakumeakzientzian.eus\/wp-content\/uploads\/2022\/11\/Logo-EEZZ.png","width":1364,"height":1396,"caption":"Emakumeak Zientzian"},"image":{"@id":"https:\/\/emakumeakzientzian.eus\/es\/#\/schema\/logo\/image\/"}},{"@type":"Person","@id":"https:\/\/emakumeakzientzian.eus\/es\/#\/schema\/person\/73b2a7020ae46008c513020b3af78833","name":"Kortabitarte(e)ko Irati","image":{"@type":"ImageObject","inLanguage":"es","@id":"https:\/\/secure.gravatar.com\/avatar\/6426ed3ffb4c14b828856bf52e03bdca67952ce930b07d5898ed2843cdc8b889?s=96&d=mm&r=g","url":"https:\/\/secure.gravatar.com\/avatar\/6426ed3ffb4c14b828856bf52e03bdca67952ce930b07d5898ed2843cdc8b889?s=96&d=mm&r=g","contentUrl":"https:\/\/secure.gravatar.com\/avatar\/6426ed3ffb4c14b828856bf52e03bdca67952ce930b07d5898ed2843cdc8b889?s=96&d=mm&r=g","caption":"Kortabitarte(e)ko Irati"},"url":"https:\/\/emakumeakzientzian.eus\/es\/author\/irati\/"}]}},"_links":{"self":[{"href":"https:\/\/emakumeakzientzian.eus\/es\/wp-json\/wp\/v2\/posts\/3346","targetHints":{"allow":["GET"]}}],"collection":[{"href":"https:\/\/emakumeakzientzian.eus\/es\/wp-json\/wp\/v2\/posts"}],"about":[{"href":"https:\/\/emakumeakzientzian.eus\/es\/wp-json\/wp\/v2\/types\/post"}],"author":[{"embeddable":true,"href":"https:\/\/emakumeakzientzian.eus\/es\/wp-json\/wp\/v2\/users\/2"}],"replies":[{"embeddable":true,"href":"https:\/\/emakumeakzientzian.eus\/es\/wp-json\/wp\/v2\/comments?post=3346"}],"version-history":[{"count":2,"href":"https:\/\/emakumeakzientzian.eus\/es\/wp-json\/wp\/v2\/posts\/3346\/revisions"}],"predecessor-version":[{"id":3349,"href":"https:\/\/emakumeakzientzian.eus\/es\/wp-json\/wp\/v2\/posts\/3346\/revisions\/3349"}],"wp:featuredmedia":[{"embeddable":true,"href":"https:\/\/emakumeakzientzian.eus\/es\/wp-json\/wp\/v2\/media\/3344"}],"wp:attachment":[{"href":"https:\/\/emakumeakzientzian.eus\/es\/wp-json\/wp\/v2\/media?parent=3346"}],"wp:term":[{"taxonomy":"category","embeddable":true,"href":"https:\/\/emakumeakzientzian.eus\/es\/wp-json\/wp\/v2\/categories?post=3346"},{"taxonomy":"post_tag","embeddable":true,"href":"https:\/\/emakumeakzientzian.eus\/es\/wp-json\/wp\/v2\/tags?post=3346"}],"curies":[{"name":"wp","href":"https:\/\/api.w.org\/{rel}","templated":true}]}}