{"id":3038,"date":"2022-10-25T08:54:42","date_gmt":"2022-10-25T07:54:42","guid":{"rendered":"https:\/\/emakumeakzientzian.eus\/?p=3038"},"modified":"2022-11-21T10:24:55","modified_gmt":"2022-11-21T09:24:55","slug":"emakumeak-zientzian-ha-recibido-el-reconocimiento-especial-de-fomento-san-sebastian-en-la-entrega-de-premios-de-la-ix-edicion-de-la-semana-de-la-innovacion","status":"publish","type":"post","link":"https:\/\/emakumeakzientzian.eus\/es\/emakumeak-zientzian-ha-recibido-el-reconocimiento-especial-de-fomento-san-sebastian-en-la-entrega-de-premios-de-la-ix-edicion-de-la-semana-de-la-innovacion\/","title":{"rendered":"Emakumeak Zientzian ha recibido el reconocimiento especial de Fomento San Sebasti\u00e1n en la entrega de premios de la IX edici\u00f3n de la Semana de la Innovaci\u00f3n."},"content":{"rendered":"<h2>Emakumeak Zientzian ha recibido el reconocimiento especial de Fomento San Sebasti\u00e1n en la entrega de premios de la IX edici\u00f3n de la Semana de la Innovaci\u00f3n.<\/h2>\n<p><img loading=\"lazy\" decoding=\"async\" class=\"size-medium wp-image-3044 alignleft\" src=\"https:\/\/emakumeakzientzian.eus\/wp-content\/uploads\/2022\/11\/premiosV2contenido-300x153.jpg\" alt=\"\" width=\"300\" height=\"153\" srcset=\"https:\/\/emakumeakzientzian.eus\/wp-content\/uploads\/2022\/11\/premiosV2contenido-300x153.jpg 300w, https:\/\/emakumeakzientzian.eus\/wp-content\/uploads\/2022\/11\/premiosV2contenido-1024x522.jpg 1024w, https:\/\/emakumeakzientzian.eus\/wp-content\/uploads\/2022\/11\/premiosV2contenido.jpg 1131w\" sizes=\"auto, (max-width: 300px) 100vw, 300px\" \/>Los premios DSS INN se estregaron el 25 de octubre en el Sal\u00f3n de Plenos del Ayuntamiento de San Sebasti\u00e1n como colof\u00f3n a la IX edici\u00f3n de la Semana de la Innovaci\u00f3n que organiza la sociedad de Fomento.<\/p>\n<p>Por quinto a\u00f1o tambi\u00e9n se ha realizado un reconocimiento especial a la persona o entidad que haya desarrollado una importante labor en el campo de la investigaci\u00f3n e innovaci\u00f3n en nuestra ciudad y cuya actividad tenga un impacto en la econom\u00eda donostiarra.<\/p>\n<p>La concejala de Desarrollo Econ\u00f3mico, Marisol Garmendia, ha sido la encargada de entregar el reconocimiento de este a\u00f1o a Emakumeak Zientzian, colaboradoras habituales de Fomento San Sebasti\u00e1n, por hacer visible la actividad de las mujeres en ciencia, rompiendo los roles relacionados con las actividades cient\u00edfico-t\u00e9cnicas, atribuidos tradicionalmente al g\u00e9nero masculino y fomentar la elecci\u00f3n de carreras cient\u00edficas entre ni\u00f1as y adolescentes.<\/p>\n<p><iframe loading=\"lazy\" title=\"Emakumeak Zientzian | Premio Reconocimiento DSS INN 2022\" width=\"640\" height=\"360\" src=\"https:\/\/www.youtube.com\/embed\/ROBh4mRDn2A?feature=oembed\" frameborder=\"0\" allow=\"accelerometer; autoplay; clipboard-write; encrypted-media; gyroscope; picture-in-picture\" allowfullscreen><\/iframe><\/p>\n<p>&nbsp;<\/p>\n","protected":false},"excerpt":{"rendered":"<p>Emakumeak Zientzian ha recibido el reconocimiento especial de Fomento San Sebasti\u00e1n en la entrega de premios de la IX edici\u00f3n de la Semana de la Innovaci\u00f3n. Los premios DSS INN se estregaron el 25 de octubre en el Sal\u00f3n de Plenos del Ayuntamiento de San Sebasti\u00e1n como colof\u00f3n a la IX edici\u00f3n de la Semana&#8230;<\/p>\n","protected":false},"author":2,"featured_media":3049,"comment_status":"closed","ping_status":"open","sticky":false,"template":"","format":"standard","meta":{"_acf_changed":false,"footnotes":""},"categories":[2],"tags":[],"class_list":["post-3038","post","type-post","status-publish","format-standard","has-post-thumbnail","hentry","category-sin-categorizar"],"acf":[],"yoast_head":"<!-- This site is optimized with the Yoast SEO plugin v27.3 - https:\/\/yoast.com\/product\/yoast-seo-wordpress\/ -->\n<title>Emakumeak Zientzian ha recibido el reconocimiento especial de Fomento San Sebasti\u00e1n en la entrega de premios de la IX edici\u00f3n de la Semana de la Innovaci\u00f3n. - Emakumeak zientzian<\/title>\n<meta name=\"robots\" content=\"index, follow, max-snippet:-1, max-image-preview:large, max-video-preview:-1\" \/>\n<link rel=\"canonical\" href=\"https:\/\/emakumeakzientzian.eus\/es\/emakumeak-zientzian-ha-recibido-el-reconocimiento-especial-de-fomento-san-sebastian-en-la-entrega-de-premios-de-la-ix-edicion-de-la-semana-de-la-innovacion\/\" \/>\n<meta property=\"og:locale\" content=\"es_ES\" \/>\n<meta property=\"og:type\" content=\"article\" \/>\n<meta property=\"og:title\" content=\"Emakumeak Zientzian ha recibido el reconocimiento especial de Fomento San Sebasti\u00e1n en la entrega de premios de la IX edici\u00f3n de la Semana de la Innovaci\u00f3n. - Emakumeak zientzian\" \/>\n<meta property=\"og:description\" content=\"Emakumeak Zientzian ha recibido el reconocimiento especial de Fomento San Sebasti\u00e1n en la entrega de premios de la IX edici\u00f3n de la Semana de la Innovaci\u00f3n. Los premios DSS INN se estregaron el 25 de octubre en el Sal\u00f3n de Plenos del Ayuntamiento de San Sebasti\u00e1n como colof\u00f3n a la IX edici\u00f3n de la Semana...\" \/>\n<meta property=\"og:url\" content=\"https:\/\/emakumeakzientzian.eus\/es\/emakumeak-zientzian-ha-recibido-el-reconocimiento-especial-de-fomento-san-sebastian-en-la-entrega-de-premios-de-la-ix-edicion-de-la-semana-de-la-innovacion\/\" \/>\n<meta property=\"og:site_name\" content=\"Emakumeak zientzian\" \/>\n<meta property=\"article:published_time\" content=\"2022-10-25T07:54:42+00:00\" \/>\n<meta property=\"article:modified_time\" content=\"2022-11-21T09:24:55+00:00\" \/>\n<meta property=\"og:image\" content=\"https:\/\/emakumeakzientzian.eus\/wp-content\/uploads\/2022\/11\/FgKx3h6WQAAUxYz.jpeg\" \/>\n\t<meta property=\"og:image:width\" content=\"1600\" \/>\n\t<meta property=\"og:image:height\" content=\"1066\" \/>\n\t<meta property=\"og:image:type\" content=\"image\/jpeg\" \/>\n<meta name=\"author\" content=\"Kortabitarte(e)ko Irati\" \/>\n<meta name=\"twitter:card\" content=\"summary_large_image\" \/>\n<meta name=\"twitter:label1\" content=\"Escrito por\" \/>\n\t<meta name=\"twitter:data1\" content=\"Kortabitarte(e)ko Irati\" \/>\n\t<meta name=\"twitter:label2\" content=\"Tiempo de lectura\" \/>\n\t<meta name=\"twitter:data2\" content=\"2 minutos\" \/>\n<script type=\"application\/ld+json\" class=\"yoast-schema-graph\">{\"@context\":\"https:\\\/\\\/schema.org\",\"@graph\":[{\"@type\":\"Article\",\"@id\":\"https:\\\/\\\/emakumeakzientzian.eus\\\/es\\\/emakumeak-zientzian-ha-recibido-el-reconocimiento-especial-de-fomento-san-sebastian-en-la-entrega-de-premios-de-la-ix-edicion-de-la-semana-de-la-innovacion\\\/#article\",\"isPartOf\":{\"@id\":\"https:\\\/\\\/emakumeakzientzian.eus\\\/es\\\/emakumeak-zientzian-ha-recibido-el-reconocimiento-especial-de-fomento-san-sebastian-en-la-entrega-de-premios-de-la-ix-edicion-de-la-semana-de-la-innovacion\\\/\"},\"author\":{\"name\":\"Kortabitarte(e)ko Irati\",\"@id\":\"https:\\\/\\\/emakumeakzientzian.eus\\\/es\\\/#\\\/schema\\\/person\\\/73b2a7020ae46008c513020b3af78833\"},\"headline\":\"Emakumeak Zientzian ha recibido el reconocimiento especial de Fomento San Sebasti\u00e1n en la entrega de premios de la IX edici\u00f3n de la Semana de la Innovaci\u00f3n.\",\"datePublished\":\"2022-10-25T07:54:42+00:00\",\"dateModified\":\"2022-11-21T09:24:55+00:00\",\"mainEntityOfPage\":{\"@id\":\"https:\\\/\\\/emakumeakzientzian.eus\\\/es\\\/emakumeak-zientzian-ha-recibido-el-reconocimiento-especial-de-fomento-san-sebastian-en-la-entrega-de-premios-de-la-ix-edicion-de-la-semana-de-la-innovacion\\\/\"},\"wordCount\":227,\"publisher\":{\"@id\":\"https:\\\/\\\/emakumeakzientzian.eus\\\/es\\\/#organization\"},\"image\":{\"@id\":\"https:\\\/\\\/emakumeakzientzian.eus\\\/es\\\/emakumeak-zientzian-ha-recibido-el-reconocimiento-especial-de-fomento-san-sebastian-en-la-entrega-de-premios-de-la-ix-edicion-de-la-semana-de-la-innovacion\\\/#primaryimage\"},\"thumbnailUrl\":\"https:\\\/\\\/emakumeakzientzian.eus\\\/wp-content\\\/uploads\\\/2022\\\/11\\\/FgKx3h6WQAAUxYz.jpeg\",\"articleSection\":[\"Sin categorizar\"],\"inLanguage\":\"es\"},{\"@type\":\"WebPage\",\"@id\":\"https:\\\/\\\/emakumeakzientzian.eus\\\/es\\\/emakumeak-zientzian-ha-recibido-el-reconocimiento-especial-de-fomento-san-sebastian-en-la-entrega-de-premios-de-la-ix-edicion-de-la-semana-de-la-innovacion\\\/\",\"url\":\"https:\\\/\\\/emakumeakzientzian.eus\\\/es\\\/emakumeak-zientzian-ha-recibido-el-reconocimiento-especial-de-fomento-san-sebastian-en-la-entrega-de-premios-de-la-ix-edicion-de-la-semana-de-la-innovacion\\\/\",\"name\":\"Emakumeak Zientzian ha recibido el reconocimiento especial de Fomento San Sebasti\u00e1n en la entrega de premios de la IX edici\u00f3n de la Semana de la Innovaci\u00f3n. - Emakumeak zientzian\",\"isPartOf\":{\"@id\":\"https:\\\/\\\/emakumeakzientzian.eus\\\/es\\\/#website\"},\"primaryImageOfPage\":{\"@id\":\"https:\\\/\\\/emakumeakzientzian.eus\\\/es\\\/emakumeak-zientzian-ha-recibido-el-reconocimiento-especial-de-fomento-san-sebastian-en-la-entrega-de-premios-de-la-ix-edicion-de-la-semana-de-la-innovacion\\\/#primaryimage\"},\"image\":{\"@id\":\"https:\\\/\\\/emakumeakzientzian.eus\\\/es\\\/emakumeak-zientzian-ha-recibido-el-reconocimiento-especial-de-fomento-san-sebastian-en-la-entrega-de-premios-de-la-ix-edicion-de-la-semana-de-la-innovacion\\\/#primaryimage\"},\"thumbnailUrl\":\"https:\\\/\\\/emakumeakzientzian.eus\\\/wp-content\\\/uploads\\\/2022\\\/11\\\/FgKx3h6WQAAUxYz.jpeg\",\"datePublished\":\"2022-10-25T07:54:42+00:00\",\"dateModified\":\"2022-11-21T09:24:55+00:00\",\"breadcrumb\":{\"@id\":\"https:\\\/\\\/emakumeakzientzian.eus\\\/es\\\/emakumeak-zientzian-ha-recibido-el-reconocimiento-especial-de-fomento-san-sebastian-en-la-entrega-de-premios-de-la-ix-edicion-de-la-semana-de-la-innovacion\\\/#breadcrumb\"},\"inLanguage\":\"es\",\"potentialAction\":[{\"@type\":\"ReadAction\",\"target\":[\"https:\\\/\\\/emakumeakzientzian.eus\\\/es\\\/emakumeak-zientzian-ha-recibido-el-reconocimiento-especial-de-fomento-san-sebastian-en-la-entrega-de-premios-de-la-ix-edicion-de-la-semana-de-la-innovacion\\\/\"]}]},{\"@type\":\"ImageObject\",\"inLanguage\":\"es\",\"@id\":\"https:\\\/\\\/emakumeakzientzian.eus\\\/es\\\/emakumeak-zientzian-ha-recibido-el-reconocimiento-especial-de-fomento-san-sebastian-en-la-entrega-de-premios-de-la-ix-edicion-de-la-semana-de-la-innovacion\\\/#primaryimage\",\"url\":\"https:\\\/\\\/emakumeakzientzian.eus\\\/wp-content\\\/uploads\\\/2022\\\/11\\\/FgKx3h6WQAAUxYz.jpeg\",\"contentUrl\":\"https:\\\/\\\/emakumeakzientzian.eus\\\/wp-content\\\/uploads\\\/2022\\\/11\\\/FgKx3h6WQAAUxYz.jpeg\",\"width\":1600,\"height\":1066},{\"@type\":\"BreadcrumbList\",\"@id\":\"https:\\\/\\\/emakumeakzientzian.eus\\\/es\\\/emakumeak-zientzian-ha-recibido-el-reconocimiento-especial-de-fomento-san-sebastian-en-la-entrega-de-premios-de-la-ix-edicion-de-la-semana-de-la-innovacion\\\/#breadcrumb\",\"itemListElement\":[{\"@type\":\"ListItem\",\"position\":1,\"name\":\"Home\",\"item\":\"https:\\\/\\\/emakumeakzientzian.eus\\\/es\\\/\"},{\"@type\":\"ListItem\",\"position\":2,\"name\":\"Emakumeak Zientzian ha recibido el reconocimiento especial de Fomento San Sebasti\u00e1n en la entrega de premios de la IX edici\u00f3n de la Semana de la Innovaci\u00f3n.\"}]},{\"@type\":\"WebSite\",\"@id\":\"https:\\\/\\\/emakumeakzientzian.eus\\\/es\\\/#website\",\"url\":\"https:\\\/\\\/emakumeakzientzian.eus\\\/es\\\/\",\"name\":\"Emakumeak zientzian\",\"description\":\"Emakumeak zientzian jardunaldiak\",\"publisher\":{\"@id\":\"https:\\\/\\\/emakumeakzientzian.eus\\\/es\\\/#organization\"},\"potentialAction\":[{\"@type\":\"SearchAction\",\"target\":{\"@type\":\"EntryPoint\",\"urlTemplate\":\"https:\\\/\\\/emakumeakzientzian.eus\\\/es\\\/?s={search_term_string}\"},\"query-input\":{\"@type\":\"PropertyValueSpecification\",\"valueRequired\":true,\"valueName\":\"search_term_string\"}}],\"inLanguage\":\"es\"},{\"@type\":\"Organization\",\"@id\":\"https:\\\/\\\/emakumeakzientzian.eus\\\/es\\\/#organization\",\"name\":\"Emakumeak Zientzian\",\"url\":\"https:\\\/\\\/emakumeakzientzian.eus\\\/es\\\/\",\"logo\":{\"@type\":\"ImageObject\",\"inLanguage\":\"es\",\"@id\":\"https:\\\/\\\/emakumeakzientzian.eus\\\/es\\\/#\\\/schema\\\/logo\\\/image\\\/\",\"url\":\"https:\\\/\\\/emakumeakzientzian.eus\\\/wp-content\\\/uploads\\\/2022\\\/11\\\/Logo-EEZZ.png\",\"contentUrl\":\"https:\\\/\\\/emakumeakzientzian.eus\\\/wp-content\\\/uploads\\\/2022\\\/11\\\/Logo-EEZZ.png\",\"width\":1364,\"height\":1396,\"caption\":\"Emakumeak Zientzian\"},\"image\":{\"@id\":\"https:\\\/\\\/emakumeakzientzian.eus\\\/es\\\/#\\\/schema\\\/logo\\\/image\\\/\"}},{\"@type\":\"Person\",\"@id\":\"https:\\\/\\\/emakumeakzientzian.eus\\\/es\\\/#\\\/schema\\\/person\\\/73b2a7020ae46008c513020b3af78833\",\"name\":\"Kortabitarte(e)ko Irati\",\"image\":{\"@type\":\"ImageObject\",\"inLanguage\":\"es\",\"@id\":\"https:\\\/\\\/secure.gravatar.com\\\/avatar\\\/6426ed3ffb4c14b828856bf52e03bdca67952ce930b07d5898ed2843cdc8b889?s=96&d=mm&r=g\",\"url\":\"https:\\\/\\\/secure.gravatar.com\\\/avatar\\\/6426ed3ffb4c14b828856bf52e03bdca67952ce930b07d5898ed2843cdc8b889?s=96&d=mm&r=g\",\"contentUrl\":\"https:\\\/\\\/secure.gravatar.com\\\/avatar\\\/6426ed3ffb4c14b828856bf52e03bdca67952ce930b07d5898ed2843cdc8b889?s=96&d=mm&r=g\",\"caption\":\"Kortabitarte(e)ko Irati\"},\"url\":\"https:\\\/\\\/emakumeakzientzian.eus\\\/es\\\/author\\\/irati\\\/\"}]}<\/script>\n<!-- \/ Yoast SEO plugin. -->","yoast_head_json":{"title":"Emakumeak Zientzian ha recibido el reconocimiento especial de Fomento San Sebasti\u00e1n en la entrega de premios de la IX edici\u00f3n de la Semana de la Innovaci\u00f3n. - Emakumeak zientzian","robots":{"index":"index","follow":"follow","max-snippet":"max-snippet:-1","max-image-preview":"max-image-preview:large","max-video-preview":"max-video-preview:-1"},"canonical":"https:\/\/emakumeakzientzian.eus\/es\/emakumeak-zientzian-ha-recibido-el-reconocimiento-especial-de-fomento-san-sebastian-en-la-entrega-de-premios-de-la-ix-edicion-de-la-semana-de-la-innovacion\/","og_locale":"es_ES","og_type":"article","og_title":"Emakumeak Zientzian ha recibido el reconocimiento especial de Fomento San Sebasti\u00e1n en la entrega de premios de la IX edici\u00f3n de la Semana de la Innovaci\u00f3n. - Emakumeak zientzian","og_description":"Emakumeak Zientzian ha recibido el reconocimiento especial de Fomento San Sebasti\u00e1n en la entrega de premios de la IX edici\u00f3n de la Semana de la Innovaci\u00f3n. Los premios DSS INN se estregaron el 25 de octubre en el Sal\u00f3n de Plenos del Ayuntamiento de San Sebasti\u00e1n como colof\u00f3n a la IX edici\u00f3n de la Semana...","og_url":"https:\/\/emakumeakzientzian.eus\/es\/emakumeak-zientzian-ha-recibido-el-reconocimiento-especial-de-fomento-san-sebastian-en-la-entrega-de-premios-de-la-ix-edicion-de-la-semana-de-la-innovacion\/","og_site_name":"Emakumeak zientzian","article_published_time":"2022-10-25T07:54:42+00:00","article_modified_time":"2022-11-21T09:24:55+00:00","og_image":[{"width":1600,"height":1066,"url":"https:\/\/emakumeakzientzian.eus\/wp-content\/uploads\/2022\/11\/FgKx3h6WQAAUxYz.jpeg","type":"image\/jpeg"}],"author":"Kortabitarte(e)ko Irati","twitter_card":"summary_large_image","twitter_misc":{"Escrito por":"Kortabitarte(e)ko Irati","Tiempo de lectura":"2 minutos"},"schema":{"@context":"https:\/\/schema.org","@graph":[{"@type":"Article","@id":"https:\/\/emakumeakzientzian.eus\/es\/emakumeak-zientzian-ha-recibido-el-reconocimiento-especial-de-fomento-san-sebastian-en-la-entrega-de-premios-de-la-ix-edicion-de-la-semana-de-la-innovacion\/#article","isPartOf":{"@id":"https:\/\/emakumeakzientzian.eus\/es\/emakumeak-zientzian-ha-recibido-el-reconocimiento-especial-de-fomento-san-sebastian-en-la-entrega-de-premios-de-la-ix-edicion-de-la-semana-de-la-innovacion\/"},"author":{"name":"Kortabitarte(e)ko Irati","@id":"https:\/\/emakumeakzientzian.eus\/es\/#\/schema\/person\/73b2a7020ae46008c513020b3af78833"},"headline":"Emakumeak Zientzian ha recibido el reconocimiento especial de Fomento San Sebasti\u00e1n en la entrega de premios de la IX edici\u00f3n de la Semana de la Innovaci\u00f3n.","datePublished":"2022-10-25T07:54:42+00:00","dateModified":"2022-11-21T09:24:55+00:00","mainEntityOfPage":{"@id":"https:\/\/emakumeakzientzian.eus\/es\/emakumeak-zientzian-ha-recibido-el-reconocimiento-especial-de-fomento-san-sebastian-en-la-entrega-de-premios-de-la-ix-edicion-de-la-semana-de-la-innovacion\/"},"wordCount":227,"publisher":{"@id":"https:\/\/emakumeakzientzian.eus\/es\/#organization"},"image":{"@id":"https:\/\/emakumeakzientzian.eus\/es\/emakumeak-zientzian-ha-recibido-el-reconocimiento-especial-de-fomento-san-sebastian-en-la-entrega-de-premios-de-la-ix-edicion-de-la-semana-de-la-innovacion\/#primaryimage"},"thumbnailUrl":"https:\/\/emakumeakzientzian.eus\/wp-content\/uploads\/2022\/11\/FgKx3h6WQAAUxYz.jpeg","articleSection":["Sin categorizar"],"inLanguage":"es"},{"@type":"WebPage","@id":"https:\/\/emakumeakzientzian.eus\/es\/emakumeak-zientzian-ha-recibido-el-reconocimiento-especial-de-fomento-san-sebastian-en-la-entrega-de-premios-de-la-ix-edicion-de-la-semana-de-la-innovacion\/","url":"https:\/\/emakumeakzientzian.eus\/es\/emakumeak-zientzian-ha-recibido-el-reconocimiento-especial-de-fomento-san-sebastian-en-la-entrega-de-premios-de-la-ix-edicion-de-la-semana-de-la-innovacion\/","name":"Emakumeak Zientzian ha recibido el reconocimiento especial de Fomento San Sebasti\u00e1n en la entrega de premios de la IX edici\u00f3n de la Semana de la Innovaci\u00f3n. - Emakumeak zientzian","isPartOf":{"@id":"https:\/\/emakumeakzientzian.eus\/es\/#website"},"primaryImageOfPage":{"@id":"https:\/\/emakumeakzientzian.eus\/es\/emakumeak-zientzian-ha-recibido-el-reconocimiento-especial-de-fomento-san-sebastian-en-la-entrega-de-premios-de-la-ix-edicion-de-la-semana-de-la-innovacion\/#primaryimage"},"image":{"@id":"https:\/\/emakumeakzientzian.eus\/es\/emakumeak-zientzian-ha-recibido-el-reconocimiento-especial-de-fomento-san-sebastian-en-la-entrega-de-premios-de-la-ix-edicion-de-la-semana-de-la-innovacion\/#primaryimage"},"thumbnailUrl":"https:\/\/emakumeakzientzian.eus\/wp-content\/uploads\/2022\/11\/FgKx3h6WQAAUxYz.jpeg","datePublished":"2022-10-25T07:54:42+00:00","dateModified":"2022-11-21T09:24:55+00:00","breadcrumb":{"@id":"https:\/\/emakumeakzientzian.eus\/es\/emakumeak-zientzian-ha-recibido-el-reconocimiento-especial-de-fomento-san-sebastian-en-la-entrega-de-premios-de-la-ix-edicion-de-la-semana-de-la-innovacion\/#breadcrumb"},"inLanguage":"es","potentialAction":[{"@type":"ReadAction","target":["https:\/\/emakumeakzientzian.eus\/es\/emakumeak-zientzian-ha-recibido-el-reconocimiento-especial-de-fomento-san-sebastian-en-la-entrega-de-premios-de-la-ix-edicion-de-la-semana-de-la-innovacion\/"]}]},{"@type":"ImageObject","inLanguage":"es","@id":"https:\/\/emakumeakzientzian.eus\/es\/emakumeak-zientzian-ha-recibido-el-reconocimiento-especial-de-fomento-san-sebastian-en-la-entrega-de-premios-de-la-ix-edicion-de-la-semana-de-la-innovacion\/#primaryimage","url":"https:\/\/emakumeakzientzian.eus\/wp-content\/uploads\/2022\/11\/FgKx3h6WQAAUxYz.jpeg","contentUrl":"https:\/\/emakumeakzientzian.eus\/wp-content\/uploads\/2022\/11\/FgKx3h6WQAAUxYz.jpeg","width":1600,"height":1066},{"@type":"BreadcrumbList","@id":"https:\/\/emakumeakzientzian.eus\/es\/emakumeak-zientzian-ha-recibido-el-reconocimiento-especial-de-fomento-san-sebastian-en-la-entrega-de-premios-de-la-ix-edicion-de-la-semana-de-la-innovacion\/#breadcrumb","itemListElement":[{"@type":"ListItem","position":1,"name":"Home","item":"https:\/\/emakumeakzientzian.eus\/es\/"},{"@type":"ListItem","position":2,"name":"Emakumeak Zientzian ha recibido el reconocimiento especial de Fomento San Sebasti\u00e1n en la entrega de premios de la IX edici\u00f3n de la Semana de la Innovaci\u00f3n."}]},{"@type":"WebSite","@id":"https:\/\/emakumeakzientzian.eus\/es\/#website","url":"https:\/\/emakumeakzientzian.eus\/es\/","name":"Emakumeak zientzian","description":"Emakumeak zientzian jardunaldiak","publisher":{"@id":"https:\/\/emakumeakzientzian.eus\/es\/#organization"},"potentialAction":[{"@type":"SearchAction","target":{"@type":"EntryPoint","urlTemplate":"https:\/\/emakumeakzientzian.eus\/es\/?s={search_term_string}"},"query-input":{"@type":"PropertyValueSpecification","valueRequired":true,"valueName":"search_term_string"}}],"inLanguage":"es"},{"@type":"Organization","@id":"https:\/\/emakumeakzientzian.eus\/es\/#organization","name":"Emakumeak Zientzian","url":"https:\/\/emakumeakzientzian.eus\/es\/","logo":{"@type":"ImageObject","inLanguage":"es","@id":"https:\/\/emakumeakzientzian.eus\/es\/#\/schema\/logo\/image\/","url":"https:\/\/emakumeakzientzian.eus\/wp-content\/uploads\/2022\/11\/Logo-EEZZ.png","contentUrl":"https:\/\/emakumeakzientzian.eus\/wp-content\/uploads\/2022\/11\/Logo-EEZZ.png","width":1364,"height":1396,"caption":"Emakumeak Zientzian"},"image":{"@id":"https:\/\/emakumeakzientzian.eus\/es\/#\/schema\/logo\/image\/"}},{"@type":"Person","@id":"https:\/\/emakumeakzientzian.eus\/es\/#\/schema\/person\/73b2a7020ae46008c513020b3af78833","name":"Kortabitarte(e)ko Irati","image":{"@type":"ImageObject","inLanguage":"es","@id":"https:\/\/secure.gravatar.com\/avatar\/6426ed3ffb4c14b828856bf52e03bdca67952ce930b07d5898ed2843cdc8b889?s=96&d=mm&r=g","url":"https:\/\/secure.gravatar.com\/avatar\/6426ed3ffb4c14b828856bf52e03bdca67952ce930b07d5898ed2843cdc8b889?s=96&d=mm&r=g","contentUrl":"https:\/\/secure.gravatar.com\/avatar\/6426ed3ffb4c14b828856bf52e03bdca67952ce930b07d5898ed2843cdc8b889?s=96&d=mm&r=g","caption":"Kortabitarte(e)ko Irati"},"url":"https:\/\/emakumeakzientzian.eus\/es\/author\/irati\/"}]}},"_links":{"self":[{"href":"https:\/\/emakumeakzientzian.eus\/es\/wp-json\/wp\/v2\/posts\/3038","targetHints":{"allow":["GET"]}}],"collection":[{"href":"https:\/\/emakumeakzientzian.eus\/es\/wp-json\/wp\/v2\/posts"}],"about":[{"href":"https:\/\/emakumeakzientzian.eus\/es\/wp-json\/wp\/v2\/types\/post"}],"author":[{"embeddable":true,"href":"https:\/\/emakumeakzientzian.eus\/es\/wp-json\/wp\/v2\/users\/2"}],"replies":[{"embeddable":true,"href":"https:\/\/emakumeakzientzian.eus\/es\/wp-json\/wp\/v2\/comments?post=3038"}],"version-history":[{"count":5,"href":"https:\/\/emakumeakzientzian.eus\/es\/wp-json\/wp\/v2\/posts\/3038\/revisions"}],"predecessor-version":[{"id":3048,"href":"https:\/\/emakumeakzientzian.eus\/es\/wp-json\/wp\/v2\/posts\/3038\/revisions\/3048"}],"wp:featuredmedia":[{"embeddable":true,"href":"https:\/\/emakumeakzientzian.eus\/es\/wp-json\/wp\/v2\/media\/3049"}],"wp:attachment":[{"href":"https:\/\/emakumeakzientzian.eus\/es\/wp-json\/wp\/v2\/media?parent=3038"}],"wp:term":[{"taxonomy":"category","embeddable":true,"href":"https:\/\/emakumeakzientzian.eus\/es\/wp-json\/wp\/v2\/categories?post=3038"},{"taxonomy":"post_tag","embeddable":true,"href":"https:\/\/emakumeakzientzian.eus\/es\/wp-json\/wp\/v2\/tags?post=3038"}],"curies":[{"name":"wp","href":"https:\/\/api.w.org\/{rel}","templated":true}]}}