{"id":2881,"date":"2022-02-16T16:15:19","date_gmt":"2022-02-16T15:15:19","guid":{"rendered":"https:\/\/emakumeakzientzian.eus\/diversidad-de-futuros-para-las-cientifica\/"},"modified":"2022-02-17T11:04:06","modified_gmt":"2022-02-17T10:04:06","slug":"diversidad-de-futuros-para-las-cientifica","status":"publish","type":"post","link":"https:\/\/emakumeakzientzian.eus\/es\/diversidad-de-futuros-para-las-cientifica\/","title":{"rendered":"Diversidad de futuros para las cient\u00edfica"},"content":{"rendered":"<h2>Diversidad de futuros para las cient\u00edficas<\/h2>\n<p><img loading=\"lazy\" decoding=\"async\" class=\"size-medium wp-image-2878 alignleft\" src=\"https:\/\/emakumeakzientzian.eus\/wp-content\/uploads\/2022\/02\/DSC9014-300x200.jpg\" alt=\"\" width=\"300\" height=\"200\" srcset=\"https:\/\/emakumeakzientzian.eus\/wp-content\/uploads\/2022\/02\/DSC9014-300x200.jpg 300w, https:\/\/emakumeakzientzian.eus\/wp-content\/uploads\/2022\/02\/DSC9014-1024x683.jpg 1024w, https:\/\/emakumeakzientzian.eus\/wp-content\/uploads\/2022\/02\/DSC9014-503x335.jpg 503w\" sizes=\"auto, (max-width: 300px) 100vw, 300px\" \/>Esta ma\u00f1ana, ha tenido lugar en el IIS Biodonostia la mesa redonda \u201cMi futuro como cientifica\u201d dirigido a investigadoras e investigadores en formaci\u00f3n.<\/p>\n<p>Durante la mesa, seis cient\u00edficas nos han hablado sobre su carrera profesional: cu\u00e1l fue su formaci\u00f3n inicial y c\u00f3mo se ha ido desarrollando hasta la posici\u00f3n que ocupan actualmente, y han reflexionado sobre las facilidades y dificultades que han encontrado en la misma.<\/p>\n<p>La mesa ha contado con seis cient\u00edficas con perfiles muy diversos. Han intervenido Irantzu Llarena, qu\u00edmica y responsable de la plataforma tecnol\u00f3gica de CIC biomaGUNE; Idoia Mugica, doctora en Qu\u00edmica y responsable de comunicaci\u00f3n y divulgaci\u00f3n del Centro de F\u00edsica de Materiales (CFM); Alba Mateos, doctora en Biolog\u00eda y coordinadora del departamento de control de calidad en el \u00e1rea de Biolog\u00eda Molecular de Viralgen Vector Core; Maider Zabala, doctora en Biolog\u00eda y co-fundadora y CSO de la start-up guipuzcoana Onena Medicines; Nonia Pariente, doctora en Biolog\u00eda y editora jefe de la revista cient\u00edfica PLOS Biology, y Amaia Cipitria, doctora en Bioingenieria, investigadora asociada Ikerbasque y jefa del grupo de \u201cBioingenieria en Regenraci\u00f3n y C\u00e1ncer\u201d en el IIS Biodonostia.<\/p>\n<p>Durante la mesa se han discutido temas tan relevantes como la movilidad en ciencia, el fen\u00f3meno de la tijera en la carrera cient\u00edfica, y la necesidad de implicar y contar con el apoyo del genero masculino para su desaparici\u00f3n, as\u00ed como la importancia de trabajar en entornos favorables y su impacto en la salud mental. Todas ellas han coincidido en que la carrera de las cient\u00edficas y cient\u00edficos no tiene por qu\u00e9 ser una autopista directa que empieza con el trabajo predoctoral y termina en un puesto de investigador\/a principal, pasando claro por varios postdocs. &#8220;Las carreras cient\u00edficas, generalmente, se parecen m\u00e1s a una monta\u00f1a rusa que a esa l\u00ednea recta&#8221;, han compartido las participantes, que tambi\u00e9n han destacado que &#8220;lo importante es darse tiempo para conocerse a uno mismo y hacer lo que verdaderamente nos gusta, porque nada es f\u00e1cil, pero en un entorno favorable y haciendo las cosas con gusto y con pasi\u00f3n, el camino es m\u00e1s llevadero y gratificante&#8221;.<\/p>\n","protected":false},"excerpt":{"rendered":"<p>Diversidad de futuros para las cient\u00edficas Esta ma\u00f1ana, ha tenido lugar en el IIS Biodonostia la mesa redonda \u201cMi futuro como cientifica\u201d dirigido a investigadoras e investigadores en formaci\u00f3n. Durante la mesa, seis cient\u00edficas nos han hablado sobre su carrera profesional: cu\u00e1l fue su formaci\u00f3n inicial y c\u00f3mo se ha ido desarrollando hasta la posici\u00f3n&#8230;<\/p>\n","protected":false},"author":2,"featured_media":2879,"comment_status":"closed","ping_status":"open","sticky":false,"template":"","format":"standard","meta":{"_acf_changed":false,"footnotes":""},"categories":[15],"tags":[],"class_list":["post-2881","post","type-post","status-publish","format-standard","has-post-thumbnail","hentry","category-noticias"],"acf":[],"yoast_head":"<!-- This site is optimized with the Yoast SEO plugin v27.3 - https:\/\/yoast.com\/product\/yoast-seo-wordpress\/ -->\n<title>Diversidad de futuros para las cient\u00edfica - Emakumeak zientzian<\/title>\n<meta name=\"robots\" content=\"index, follow, max-snippet:-1, max-image-preview:large, max-video-preview:-1\" \/>\n<link rel=\"canonical\" href=\"https:\/\/emakumeakzientzian.eus\/es\/diversidad-de-futuros-para-las-cientifica\/\" \/>\n<meta property=\"og:locale\" content=\"es_ES\" \/>\n<meta property=\"og:type\" content=\"article\" \/>\n<meta property=\"og:title\" content=\"Diversidad de futuros para las cient\u00edfica - Emakumeak zientzian\" \/>\n<meta property=\"og:description\" content=\"Diversidad de futuros para las cient\u00edficas Esta ma\u00f1ana, ha tenido lugar en el IIS Biodonostia la mesa redonda \u201cMi futuro como cientifica\u201d dirigido a investigadoras e investigadores en formaci\u00f3n. Durante la mesa, seis cient\u00edficas nos han hablado sobre su carrera profesional: cu\u00e1l fue su formaci\u00f3n inicial y c\u00f3mo se ha ido desarrollando hasta la posici\u00f3n...\" \/>\n<meta property=\"og:url\" content=\"https:\/\/emakumeakzientzian.eus\/es\/diversidad-de-futuros-para-las-cientifica\/\" \/>\n<meta property=\"og:site_name\" content=\"Emakumeak zientzian\" \/>\n<meta property=\"article:published_time\" content=\"2022-02-16T15:15:19+00:00\" \/>\n<meta property=\"article:modified_time\" content=\"2022-02-17T10:04:06+00:00\" \/>\n<meta property=\"og:image\" content=\"https:\/\/emakumeakzientzian.eus\/wp-content\/uploads\/2022\/02\/DSC9014-scaled.jpg\" \/>\n\t<meta property=\"og:image:width\" content=\"2560\" \/>\n\t<meta property=\"og:image:height\" content=\"1707\" \/>\n\t<meta property=\"og:image:type\" content=\"image\/jpeg\" \/>\n<meta name=\"author\" content=\"Kortabitarte(e)ko Irati\" \/>\n<meta name=\"twitter:card\" content=\"summary_large_image\" \/>\n<meta name=\"twitter:label1\" content=\"Escrito por\" \/>\n\t<meta name=\"twitter:data1\" content=\"Kortabitarte(e)ko Irati\" \/>\n\t<meta name=\"twitter:label2\" content=\"Tiempo de lectura\" \/>\n\t<meta name=\"twitter:data2\" content=\"2 minutos\" \/>\n<script type=\"application\/ld+json\" class=\"yoast-schema-graph\">{\"@context\":\"https:\\\/\\\/schema.org\",\"@graph\":[{\"@type\":\"Article\",\"@id\":\"https:\\\/\\\/emakumeakzientzian.eus\\\/es\\\/diversidad-de-futuros-para-las-cientifica\\\/#article\",\"isPartOf\":{\"@id\":\"https:\\\/\\\/emakumeakzientzian.eus\\\/es\\\/diversidad-de-futuros-para-las-cientifica\\\/\"},\"author\":{\"name\":\"Kortabitarte(e)ko Irati\",\"@id\":\"https:\\\/\\\/emakumeakzientzian.eus\\\/es\\\/#\\\/schema\\\/person\\\/73b2a7020ae46008c513020b3af78833\"},\"headline\":\"Diversidad de futuros para las cient\u00edfica\",\"datePublished\":\"2022-02-16T15:15:19+00:00\",\"dateModified\":\"2022-02-17T10:04:06+00:00\",\"mainEntityOfPage\":{\"@id\":\"https:\\\/\\\/emakumeakzientzian.eus\\\/es\\\/diversidad-de-futuros-para-las-cientifica\\\/\"},\"wordCount\":395,\"publisher\":{\"@id\":\"https:\\\/\\\/emakumeakzientzian.eus\\\/es\\\/#organization\"},\"image\":{\"@id\":\"https:\\\/\\\/emakumeakzientzian.eus\\\/es\\\/diversidad-de-futuros-para-las-cientifica\\\/#primaryimage\"},\"thumbnailUrl\":\"https:\\\/\\\/emakumeakzientzian.eus\\\/wp-content\\\/uploads\\\/2022\\\/02\\\/DSC9014-scaled.jpg\",\"articleSection\":[\"Noticias\"],\"inLanguage\":\"es\"},{\"@type\":\"WebPage\",\"@id\":\"https:\\\/\\\/emakumeakzientzian.eus\\\/es\\\/diversidad-de-futuros-para-las-cientifica\\\/\",\"url\":\"https:\\\/\\\/emakumeakzientzian.eus\\\/es\\\/diversidad-de-futuros-para-las-cientifica\\\/\",\"name\":\"Diversidad de futuros para las cient\u00edfica - Emakumeak zientzian\",\"isPartOf\":{\"@id\":\"https:\\\/\\\/emakumeakzientzian.eus\\\/es\\\/#website\"},\"primaryImageOfPage\":{\"@id\":\"https:\\\/\\\/emakumeakzientzian.eus\\\/es\\\/diversidad-de-futuros-para-las-cientifica\\\/#primaryimage\"},\"image\":{\"@id\":\"https:\\\/\\\/emakumeakzientzian.eus\\\/es\\\/diversidad-de-futuros-para-las-cientifica\\\/#primaryimage\"},\"thumbnailUrl\":\"https:\\\/\\\/emakumeakzientzian.eus\\\/wp-content\\\/uploads\\\/2022\\\/02\\\/DSC9014-scaled.jpg\",\"datePublished\":\"2022-02-16T15:15:19+00:00\",\"dateModified\":\"2022-02-17T10:04:06+00:00\",\"breadcrumb\":{\"@id\":\"https:\\\/\\\/emakumeakzientzian.eus\\\/es\\\/diversidad-de-futuros-para-las-cientifica\\\/#breadcrumb\"},\"inLanguage\":\"es\",\"potentialAction\":[{\"@type\":\"ReadAction\",\"target\":[\"https:\\\/\\\/emakumeakzientzian.eus\\\/es\\\/diversidad-de-futuros-para-las-cientifica\\\/\"]}]},{\"@type\":\"ImageObject\",\"inLanguage\":\"es\",\"@id\":\"https:\\\/\\\/emakumeakzientzian.eus\\\/es\\\/diversidad-de-futuros-para-las-cientifica\\\/#primaryimage\",\"url\":\"https:\\\/\\\/emakumeakzientzian.eus\\\/wp-content\\\/uploads\\\/2022\\\/02\\\/DSC9014-scaled.jpg\",\"contentUrl\":\"https:\\\/\\\/emakumeakzientzian.eus\\\/wp-content\\\/uploads\\\/2022\\\/02\\\/DSC9014-scaled.jpg\",\"width\":2560,\"height\":1707},{\"@type\":\"BreadcrumbList\",\"@id\":\"https:\\\/\\\/emakumeakzientzian.eus\\\/es\\\/diversidad-de-futuros-para-las-cientifica\\\/#breadcrumb\",\"itemListElement\":[{\"@type\":\"ListItem\",\"position\":1,\"name\":\"Home\",\"item\":\"https:\\\/\\\/emakumeakzientzian.eus\\\/es\\\/\"},{\"@type\":\"ListItem\",\"position\":2,\"name\":\"Diversidad de futuros para las cient\u00edfica\"}]},{\"@type\":\"WebSite\",\"@id\":\"https:\\\/\\\/emakumeakzientzian.eus\\\/es\\\/#website\",\"url\":\"https:\\\/\\\/emakumeakzientzian.eus\\\/es\\\/\",\"name\":\"Emakumeak zientzian\",\"description\":\"Emakumeak zientzian jardunaldiak\",\"publisher\":{\"@id\":\"https:\\\/\\\/emakumeakzientzian.eus\\\/es\\\/#organization\"},\"potentialAction\":[{\"@type\":\"SearchAction\",\"target\":{\"@type\":\"EntryPoint\",\"urlTemplate\":\"https:\\\/\\\/emakumeakzientzian.eus\\\/es\\\/?s={search_term_string}\"},\"query-input\":{\"@type\":\"PropertyValueSpecification\",\"valueRequired\":true,\"valueName\":\"search_term_string\"}}],\"inLanguage\":\"es\"},{\"@type\":\"Organization\",\"@id\":\"https:\\\/\\\/emakumeakzientzian.eus\\\/es\\\/#organization\",\"name\":\"Emakumeak Zientzian\",\"url\":\"https:\\\/\\\/emakumeakzientzian.eus\\\/es\\\/\",\"logo\":{\"@type\":\"ImageObject\",\"inLanguage\":\"es\",\"@id\":\"https:\\\/\\\/emakumeakzientzian.eus\\\/es\\\/#\\\/schema\\\/logo\\\/image\\\/\",\"url\":\"https:\\\/\\\/emakumeakzientzian.eus\\\/wp-content\\\/uploads\\\/2022\\\/11\\\/Logo-EEZZ.png\",\"contentUrl\":\"https:\\\/\\\/emakumeakzientzian.eus\\\/wp-content\\\/uploads\\\/2022\\\/11\\\/Logo-EEZZ.png\",\"width\":1364,\"height\":1396,\"caption\":\"Emakumeak Zientzian\"},\"image\":{\"@id\":\"https:\\\/\\\/emakumeakzientzian.eus\\\/es\\\/#\\\/schema\\\/logo\\\/image\\\/\"}},{\"@type\":\"Person\",\"@id\":\"https:\\\/\\\/emakumeakzientzian.eus\\\/es\\\/#\\\/schema\\\/person\\\/73b2a7020ae46008c513020b3af78833\",\"name\":\"Kortabitarte(e)ko Irati\",\"image\":{\"@type\":\"ImageObject\",\"inLanguage\":\"es\",\"@id\":\"https:\\\/\\\/secure.gravatar.com\\\/avatar\\\/6426ed3ffb4c14b828856bf52e03bdca67952ce930b07d5898ed2843cdc8b889?s=96&d=mm&r=g\",\"url\":\"https:\\\/\\\/secure.gravatar.com\\\/avatar\\\/6426ed3ffb4c14b828856bf52e03bdca67952ce930b07d5898ed2843cdc8b889?s=96&d=mm&r=g\",\"contentUrl\":\"https:\\\/\\\/secure.gravatar.com\\\/avatar\\\/6426ed3ffb4c14b828856bf52e03bdca67952ce930b07d5898ed2843cdc8b889?s=96&d=mm&r=g\",\"caption\":\"Kortabitarte(e)ko Irati\"},\"url\":\"https:\\\/\\\/emakumeakzientzian.eus\\\/es\\\/author\\\/irati\\\/\"}]}<\/script>\n<!-- \/ Yoast SEO plugin. -->","yoast_head_json":{"title":"Diversidad de futuros para las cient\u00edfica - Emakumeak zientzian","robots":{"index":"index","follow":"follow","max-snippet":"max-snippet:-1","max-image-preview":"max-image-preview:large","max-video-preview":"max-video-preview:-1"},"canonical":"https:\/\/emakumeakzientzian.eus\/es\/diversidad-de-futuros-para-las-cientifica\/","og_locale":"es_ES","og_type":"article","og_title":"Diversidad de futuros para las cient\u00edfica - Emakumeak zientzian","og_description":"Diversidad de futuros para las cient\u00edficas Esta ma\u00f1ana, ha tenido lugar en el IIS Biodonostia la mesa redonda \u201cMi futuro como cientifica\u201d dirigido a investigadoras e investigadores en formaci\u00f3n. Durante la mesa, seis cient\u00edficas nos han hablado sobre su carrera profesional: cu\u00e1l fue su formaci\u00f3n inicial y c\u00f3mo se ha ido desarrollando hasta la posici\u00f3n...","og_url":"https:\/\/emakumeakzientzian.eus\/es\/diversidad-de-futuros-para-las-cientifica\/","og_site_name":"Emakumeak zientzian","article_published_time":"2022-02-16T15:15:19+00:00","article_modified_time":"2022-02-17T10:04:06+00:00","og_image":[{"width":2560,"height":1707,"url":"https:\/\/emakumeakzientzian.eus\/wp-content\/uploads\/2022\/02\/DSC9014-scaled.jpg","type":"image\/jpeg"}],"author":"Kortabitarte(e)ko Irati","twitter_card":"summary_large_image","twitter_misc":{"Escrito por":"Kortabitarte(e)ko Irati","Tiempo de lectura":"2 minutos"},"schema":{"@context":"https:\/\/schema.org","@graph":[{"@type":"Article","@id":"https:\/\/emakumeakzientzian.eus\/es\/diversidad-de-futuros-para-las-cientifica\/#article","isPartOf":{"@id":"https:\/\/emakumeakzientzian.eus\/es\/diversidad-de-futuros-para-las-cientifica\/"},"author":{"name":"Kortabitarte(e)ko Irati","@id":"https:\/\/emakumeakzientzian.eus\/es\/#\/schema\/person\/73b2a7020ae46008c513020b3af78833"},"headline":"Diversidad de futuros para las cient\u00edfica","datePublished":"2022-02-16T15:15:19+00:00","dateModified":"2022-02-17T10:04:06+00:00","mainEntityOfPage":{"@id":"https:\/\/emakumeakzientzian.eus\/es\/diversidad-de-futuros-para-las-cientifica\/"},"wordCount":395,"publisher":{"@id":"https:\/\/emakumeakzientzian.eus\/es\/#organization"},"image":{"@id":"https:\/\/emakumeakzientzian.eus\/es\/diversidad-de-futuros-para-las-cientifica\/#primaryimage"},"thumbnailUrl":"https:\/\/emakumeakzientzian.eus\/wp-content\/uploads\/2022\/02\/DSC9014-scaled.jpg","articleSection":["Noticias"],"inLanguage":"es"},{"@type":"WebPage","@id":"https:\/\/emakumeakzientzian.eus\/es\/diversidad-de-futuros-para-las-cientifica\/","url":"https:\/\/emakumeakzientzian.eus\/es\/diversidad-de-futuros-para-las-cientifica\/","name":"Diversidad de futuros para las cient\u00edfica - Emakumeak zientzian","isPartOf":{"@id":"https:\/\/emakumeakzientzian.eus\/es\/#website"},"primaryImageOfPage":{"@id":"https:\/\/emakumeakzientzian.eus\/es\/diversidad-de-futuros-para-las-cientifica\/#primaryimage"},"image":{"@id":"https:\/\/emakumeakzientzian.eus\/es\/diversidad-de-futuros-para-las-cientifica\/#primaryimage"},"thumbnailUrl":"https:\/\/emakumeakzientzian.eus\/wp-content\/uploads\/2022\/02\/DSC9014-scaled.jpg","datePublished":"2022-02-16T15:15:19+00:00","dateModified":"2022-02-17T10:04:06+00:00","breadcrumb":{"@id":"https:\/\/emakumeakzientzian.eus\/es\/diversidad-de-futuros-para-las-cientifica\/#breadcrumb"},"inLanguage":"es","potentialAction":[{"@type":"ReadAction","target":["https:\/\/emakumeakzientzian.eus\/es\/diversidad-de-futuros-para-las-cientifica\/"]}]},{"@type":"ImageObject","inLanguage":"es","@id":"https:\/\/emakumeakzientzian.eus\/es\/diversidad-de-futuros-para-las-cientifica\/#primaryimage","url":"https:\/\/emakumeakzientzian.eus\/wp-content\/uploads\/2022\/02\/DSC9014-scaled.jpg","contentUrl":"https:\/\/emakumeakzientzian.eus\/wp-content\/uploads\/2022\/02\/DSC9014-scaled.jpg","width":2560,"height":1707},{"@type":"BreadcrumbList","@id":"https:\/\/emakumeakzientzian.eus\/es\/diversidad-de-futuros-para-las-cientifica\/#breadcrumb","itemListElement":[{"@type":"ListItem","position":1,"name":"Home","item":"https:\/\/emakumeakzientzian.eus\/es\/"},{"@type":"ListItem","position":2,"name":"Diversidad de futuros para las cient\u00edfica"}]},{"@type":"WebSite","@id":"https:\/\/emakumeakzientzian.eus\/es\/#website","url":"https:\/\/emakumeakzientzian.eus\/es\/","name":"Emakumeak zientzian","description":"Emakumeak zientzian jardunaldiak","publisher":{"@id":"https:\/\/emakumeakzientzian.eus\/es\/#organization"},"potentialAction":[{"@type":"SearchAction","target":{"@type":"EntryPoint","urlTemplate":"https:\/\/emakumeakzientzian.eus\/es\/?s={search_term_string}"},"query-input":{"@type":"PropertyValueSpecification","valueRequired":true,"valueName":"search_term_string"}}],"inLanguage":"es"},{"@type":"Organization","@id":"https:\/\/emakumeakzientzian.eus\/es\/#organization","name":"Emakumeak Zientzian","url":"https:\/\/emakumeakzientzian.eus\/es\/","logo":{"@type":"ImageObject","inLanguage":"es","@id":"https:\/\/emakumeakzientzian.eus\/es\/#\/schema\/logo\/image\/","url":"https:\/\/emakumeakzientzian.eus\/wp-content\/uploads\/2022\/11\/Logo-EEZZ.png","contentUrl":"https:\/\/emakumeakzientzian.eus\/wp-content\/uploads\/2022\/11\/Logo-EEZZ.png","width":1364,"height":1396,"caption":"Emakumeak Zientzian"},"image":{"@id":"https:\/\/emakumeakzientzian.eus\/es\/#\/schema\/logo\/image\/"}},{"@type":"Person","@id":"https:\/\/emakumeakzientzian.eus\/es\/#\/schema\/person\/73b2a7020ae46008c513020b3af78833","name":"Kortabitarte(e)ko Irati","image":{"@type":"ImageObject","inLanguage":"es","@id":"https:\/\/secure.gravatar.com\/avatar\/6426ed3ffb4c14b828856bf52e03bdca67952ce930b07d5898ed2843cdc8b889?s=96&d=mm&r=g","url":"https:\/\/secure.gravatar.com\/avatar\/6426ed3ffb4c14b828856bf52e03bdca67952ce930b07d5898ed2843cdc8b889?s=96&d=mm&r=g","contentUrl":"https:\/\/secure.gravatar.com\/avatar\/6426ed3ffb4c14b828856bf52e03bdca67952ce930b07d5898ed2843cdc8b889?s=96&d=mm&r=g","caption":"Kortabitarte(e)ko Irati"},"url":"https:\/\/emakumeakzientzian.eus\/es\/author\/irati\/"}]}},"_links":{"self":[{"href":"https:\/\/emakumeakzientzian.eus\/es\/wp-json\/wp\/v2\/posts\/2881","targetHints":{"allow":["GET"]}}],"collection":[{"href":"https:\/\/emakumeakzientzian.eus\/es\/wp-json\/wp\/v2\/posts"}],"about":[{"href":"https:\/\/emakumeakzientzian.eus\/es\/wp-json\/wp\/v2\/types\/post"}],"author":[{"embeddable":true,"href":"https:\/\/emakumeakzientzian.eus\/es\/wp-json\/wp\/v2\/users\/2"}],"replies":[{"embeddable":true,"href":"https:\/\/emakumeakzientzian.eus\/es\/wp-json\/wp\/v2\/comments?post=2881"}],"version-history":[{"count":1,"href":"https:\/\/emakumeakzientzian.eus\/es\/wp-json\/wp\/v2\/posts\/2881\/revisions"}],"predecessor-version":[{"id":2888,"href":"https:\/\/emakumeakzientzian.eus\/es\/wp-json\/wp\/v2\/posts\/2881\/revisions\/2888"}],"wp:featuredmedia":[{"embeddable":true,"href":"https:\/\/emakumeakzientzian.eus\/es\/wp-json\/wp\/v2\/media\/2879"}],"wp:attachment":[{"href":"https:\/\/emakumeakzientzian.eus\/es\/wp-json\/wp\/v2\/media?parent=2881"}],"wp:term":[{"taxonomy":"category","embeddable":true,"href":"https:\/\/emakumeakzientzian.eus\/es\/wp-json\/wp\/v2\/categories?post=2881"},{"taxonomy":"post_tag","embeddable":true,"href":"https:\/\/emakumeakzientzian.eus\/es\/wp-json\/wp\/v2\/tags?post=2881"}],"curies":[{"name":"wp","href":"https:\/\/api.w.org\/{rel}","templated":true}]}}