{"id":2802,"date":"2022-02-15T19:19:41","date_gmt":"2022-02-15T18:19:41","guid":{"rendered":"https:\/\/emakumeakzientzian.eus\/?p=2802"},"modified":"2022-02-15T19:19:41","modified_gmt":"2022-02-15T18:19:41","slug":"charla-sobre-metodos-de-deteccion-de-la-covid","status":"publish","type":"post","link":"https:\/\/emakumeakzientzian.eus\/es\/charla-sobre-metodos-de-deteccion-de-la-covid\/","title":{"rendered":"Charla sobre m\u00e9todos de detecci\u00f3n de la COVID"},"content":{"rendered":"\r\n<p>De la mano de la microbi\u00f3loga Milagrosa Montes, del Servicio de Microbiolog\u00eda del Hospital Universitario Donostia, el p\u00fablico asistente ha podido conocer de cerca el trabajo diario que hacen en la detecci\u00f3n de SARS-CoV2 (COVID), adem\u00e1s de las diferencias entre los distintos m\u00e9todos: test de ant\u00edgenos y de anticuerpos, la PCR, y tests serol\u00f3gicos.<br \/><br \/>Un recorrido por los inicios del COVID, su detecci\u00f3n, y el trabajo que llevan a cabo los investigadores y sanitarios para frenar su expansi\u00f3n. Todo ello ha suscitado un gran inter\u00e9s entre el p\u00fablico.<br \/><br \/><\/p>\r\n","protected":false},"excerpt":{"rendered":"<p>De la mano de la microbi\u00f3loga Milagrosa Montes, del Servicio de Microbiolog\u00eda del Hospital Universitario Donostia, el p\u00fablico asistente ha podido conocer de cerca el trabajo diario que hacen en la detecci\u00f3n de SARS-CoV2 (COVID), adem\u00e1s de las diferencias entre los distintos m\u00e9todos: test de ant\u00edgenos y de anticuerpos, la PCR, y tests serol\u00f3gicos. Un&#8230;<\/p>\n","protected":false},"author":2,"featured_media":2825,"comment_status":"closed","ping_status":"open","sticky":false,"template":"","format":"standard","meta":{"_acf_changed":false,"footnotes":""},"categories":[2],"tags":[],"class_list":["post-2802","post","type-post","status-publish","format-standard","has-post-thumbnail","hentry","category-sin-categorizar"],"acf":[],"yoast_head":"<!-- This site is optimized with the Yoast SEO plugin v27.3 - https:\/\/yoast.com\/product\/yoast-seo-wordpress\/ -->\n<title>Charla sobre m\u00e9todos de detecci\u00f3n de la COVID - Emakumeak zientzian<\/title>\n<meta name=\"robots\" content=\"index, follow, max-snippet:-1, max-image-preview:large, max-video-preview:-1\" \/>\n<link rel=\"canonical\" href=\"https:\/\/emakumeakzientzian.eus\/es\/charla-sobre-metodos-de-deteccion-de-la-covid\/\" \/>\n<meta property=\"og:locale\" content=\"es_ES\" \/>\n<meta property=\"og:type\" content=\"article\" \/>\n<meta property=\"og:title\" content=\"Charla sobre m\u00e9todos de detecci\u00f3n de la COVID - Emakumeak zientzian\" \/>\n<meta property=\"og:description\" content=\"De la mano de la microbi\u00f3loga Milagrosa Montes, del Servicio de Microbiolog\u00eda del Hospital Universitario Donostia, el p\u00fablico asistente ha podido conocer de cerca el trabajo diario que hacen en la detecci\u00f3n de SARS-CoV2 (COVID), adem\u00e1s de las diferencias entre los distintos m\u00e9todos: test de ant\u00edgenos y de anticuerpos, la PCR, y tests serol\u00f3gicos. Un...\" \/>\n<meta property=\"og:url\" content=\"https:\/\/emakumeakzientzian.eus\/es\/charla-sobre-metodos-de-deteccion-de-la-covid\/\" \/>\n<meta property=\"og:site_name\" content=\"Emakumeak zientzian\" \/>\n<meta property=\"article:published_time\" content=\"2022-02-15T18:19:41+00:00\" \/>\n<meta property=\"og:image\" content=\"https:\/\/emakumeakzientzian.eus\/wp-content\/uploads\/2022\/02\/IMG_6939-scaled.jpeg\" \/>\n\t<meta property=\"og:image:width\" content=\"2560\" \/>\n\t<meta property=\"og:image:height\" content=\"1920\" \/>\n\t<meta property=\"og:image:type\" content=\"image\/jpeg\" \/>\n<meta name=\"author\" content=\"Kortabitarte(e)ko Irati\" \/>\n<meta name=\"twitter:card\" content=\"summary_large_image\" \/>\n<meta name=\"twitter:label1\" content=\"Escrito por\" \/>\n\t<meta name=\"twitter:data1\" content=\"Kortabitarte(e)ko Irati\" \/>\n\t<meta name=\"twitter:label2\" content=\"Tiempo de lectura\" \/>\n\t<meta name=\"twitter:data2\" content=\"1 minuto\" \/>\n<script type=\"application\/ld+json\" class=\"yoast-schema-graph\">{\"@context\":\"https:\\\/\\\/schema.org\",\"@graph\":[{\"@type\":\"Article\",\"@id\":\"https:\\\/\\\/emakumeakzientzian.eus\\\/es\\\/charla-sobre-metodos-de-deteccion-de-la-covid\\\/#article\",\"isPartOf\":{\"@id\":\"https:\\\/\\\/emakumeakzientzian.eus\\\/es\\\/charla-sobre-metodos-de-deteccion-de-la-covid\\\/\"},\"author\":{\"name\":\"Kortabitarte(e)ko Irati\",\"@id\":\"https:\\\/\\\/emakumeakzientzian.eus\\\/es\\\/#\\\/schema\\\/person\\\/73b2a7020ae46008c513020b3af78833\"},\"headline\":\"Charla sobre m\u00e9todos de detecci\u00f3n de la COVID\",\"datePublished\":\"2022-02-15T18:19:41+00:00\",\"mainEntityOfPage\":{\"@id\":\"https:\\\/\\\/emakumeakzientzian.eus\\\/es\\\/charla-sobre-metodos-de-deteccion-de-la-covid\\\/\"},\"wordCount\":110,\"publisher\":{\"@id\":\"https:\\\/\\\/emakumeakzientzian.eus\\\/es\\\/#organization\"},\"image\":{\"@id\":\"https:\\\/\\\/emakumeakzientzian.eus\\\/es\\\/charla-sobre-metodos-de-deteccion-de-la-covid\\\/#primaryimage\"},\"thumbnailUrl\":\"https:\\\/\\\/emakumeakzientzian.eus\\\/wp-content\\\/uploads\\\/2022\\\/02\\\/IMG_6939-scaled.jpeg\",\"articleSection\":[\"Sin categorizar\"],\"inLanguage\":\"es\"},{\"@type\":\"WebPage\",\"@id\":\"https:\\\/\\\/emakumeakzientzian.eus\\\/es\\\/charla-sobre-metodos-de-deteccion-de-la-covid\\\/\",\"url\":\"https:\\\/\\\/emakumeakzientzian.eus\\\/es\\\/charla-sobre-metodos-de-deteccion-de-la-covid\\\/\",\"name\":\"Charla sobre m\u00e9todos de detecci\u00f3n de la COVID - Emakumeak zientzian\",\"isPartOf\":{\"@id\":\"https:\\\/\\\/emakumeakzientzian.eus\\\/es\\\/#website\"},\"primaryImageOfPage\":{\"@id\":\"https:\\\/\\\/emakumeakzientzian.eus\\\/es\\\/charla-sobre-metodos-de-deteccion-de-la-covid\\\/#primaryimage\"},\"image\":{\"@id\":\"https:\\\/\\\/emakumeakzientzian.eus\\\/es\\\/charla-sobre-metodos-de-deteccion-de-la-covid\\\/#primaryimage\"},\"thumbnailUrl\":\"https:\\\/\\\/emakumeakzientzian.eus\\\/wp-content\\\/uploads\\\/2022\\\/02\\\/IMG_6939-scaled.jpeg\",\"datePublished\":\"2022-02-15T18:19:41+00:00\",\"breadcrumb\":{\"@id\":\"https:\\\/\\\/emakumeakzientzian.eus\\\/es\\\/charla-sobre-metodos-de-deteccion-de-la-covid\\\/#breadcrumb\"},\"inLanguage\":\"es\",\"potentialAction\":[{\"@type\":\"ReadAction\",\"target\":[\"https:\\\/\\\/emakumeakzientzian.eus\\\/es\\\/charla-sobre-metodos-de-deteccion-de-la-covid\\\/\"]}]},{\"@type\":\"ImageObject\",\"inLanguage\":\"es\",\"@id\":\"https:\\\/\\\/emakumeakzientzian.eus\\\/es\\\/charla-sobre-metodos-de-deteccion-de-la-covid\\\/#primaryimage\",\"url\":\"https:\\\/\\\/emakumeakzientzian.eus\\\/wp-content\\\/uploads\\\/2022\\\/02\\\/IMG_6939-scaled.jpeg\",\"contentUrl\":\"https:\\\/\\\/emakumeakzientzian.eus\\\/wp-content\\\/uploads\\\/2022\\\/02\\\/IMG_6939-scaled.jpeg\",\"width\":2560,\"height\":1920},{\"@type\":\"BreadcrumbList\",\"@id\":\"https:\\\/\\\/emakumeakzientzian.eus\\\/es\\\/charla-sobre-metodos-de-deteccion-de-la-covid\\\/#breadcrumb\",\"itemListElement\":[{\"@type\":\"ListItem\",\"position\":1,\"name\":\"Home\",\"item\":\"https:\\\/\\\/emakumeakzientzian.eus\\\/es\\\/\"},{\"@type\":\"ListItem\",\"position\":2,\"name\":\"Charla sobre m\u00e9todos de detecci\u00f3n de la COVID\"}]},{\"@type\":\"WebSite\",\"@id\":\"https:\\\/\\\/emakumeakzientzian.eus\\\/es\\\/#website\",\"url\":\"https:\\\/\\\/emakumeakzientzian.eus\\\/es\\\/\",\"name\":\"Emakumeak zientzian\",\"description\":\"Emakumeak zientzian jardunaldiak\",\"publisher\":{\"@id\":\"https:\\\/\\\/emakumeakzientzian.eus\\\/es\\\/#organization\"},\"potentialAction\":[{\"@type\":\"SearchAction\",\"target\":{\"@type\":\"EntryPoint\",\"urlTemplate\":\"https:\\\/\\\/emakumeakzientzian.eus\\\/es\\\/?s={search_term_string}\"},\"query-input\":{\"@type\":\"PropertyValueSpecification\",\"valueRequired\":true,\"valueName\":\"search_term_string\"}}],\"inLanguage\":\"es\"},{\"@type\":\"Organization\",\"@id\":\"https:\\\/\\\/emakumeakzientzian.eus\\\/es\\\/#organization\",\"name\":\"Emakumeak Zientzian\",\"url\":\"https:\\\/\\\/emakumeakzientzian.eus\\\/es\\\/\",\"logo\":{\"@type\":\"ImageObject\",\"inLanguage\":\"es\",\"@id\":\"https:\\\/\\\/emakumeakzientzian.eus\\\/es\\\/#\\\/schema\\\/logo\\\/image\\\/\",\"url\":\"https:\\\/\\\/emakumeakzientzian.eus\\\/wp-content\\\/uploads\\\/2022\\\/11\\\/Logo-EEZZ.png\",\"contentUrl\":\"https:\\\/\\\/emakumeakzientzian.eus\\\/wp-content\\\/uploads\\\/2022\\\/11\\\/Logo-EEZZ.png\",\"width\":1364,\"height\":1396,\"caption\":\"Emakumeak Zientzian\"},\"image\":{\"@id\":\"https:\\\/\\\/emakumeakzientzian.eus\\\/es\\\/#\\\/schema\\\/logo\\\/image\\\/\"}},{\"@type\":\"Person\",\"@id\":\"https:\\\/\\\/emakumeakzientzian.eus\\\/es\\\/#\\\/schema\\\/person\\\/73b2a7020ae46008c513020b3af78833\",\"name\":\"Kortabitarte(e)ko Irati\",\"image\":{\"@type\":\"ImageObject\",\"inLanguage\":\"es\",\"@id\":\"https:\\\/\\\/secure.gravatar.com\\\/avatar\\\/6426ed3ffb4c14b828856bf52e03bdca67952ce930b07d5898ed2843cdc8b889?s=96&d=mm&r=g\",\"url\":\"https:\\\/\\\/secure.gravatar.com\\\/avatar\\\/6426ed3ffb4c14b828856bf52e03bdca67952ce930b07d5898ed2843cdc8b889?s=96&d=mm&r=g\",\"contentUrl\":\"https:\\\/\\\/secure.gravatar.com\\\/avatar\\\/6426ed3ffb4c14b828856bf52e03bdca67952ce930b07d5898ed2843cdc8b889?s=96&d=mm&r=g\",\"caption\":\"Kortabitarte(e)ko Irati\"},\"url\":\"https:\\\/\\\/emakumeakzientzian.eus\\\/es\\\/author\\\/irati\\\/\"}]}<\/script>\n<!-- \/ Yoast SEO plugin. -->","yoast_head_json":{"title":"Charla sobre m\u00e9todos de detecci\u00f3n de la COVID - Emakumeak zientzian","robots":{"index":"index","follow":"follow","max-snippet":"max-snippet:-1","max-image-preview":"max-image-preview:large","max-video-preview":"max-video-preview:-1"},"canonical":"https:\/\/emakumeakzientzian.eus\/es\/charla-sobre-metodos-de-deteccion-de-la-covid\/","og_locale":"es_ES","og_type":"article","og_title":"Charla sobre m\u00e9todos de detecci\u00f3n de la COVID - Emakumeak zientzian","og_description":"De la mano de la microbi\u00f3loga Milagrosa Montes, del Servicio de Microbiolog\u00eda del Hospital Universitario Donostia, el p\u00fablico asistente ha podido conocer de cerca el trabajo diario que hacen en la detecci\u00f3n de SARS-CoV2 (COVID), adem\u00e1s de las diferencias entre los distintos m\u00e9todos: test de ant\u00edgenos y de anticuerpos, la PCR, y tests serol\u00f3gicos. Un...","og_url":"https:\/\/emakumeakzientzian.eus\/es\/charla-sobre-metodos-de-deteccion-de-la-covid\/","og_site_name":"Emakumeak zientzian","article_published_time":"2022-02-15T18:19:41+00:00","og_image":[{"width":2560,"height":1920,"url":"https:\/\/emakumeakzientzian.eus\/wp-content\/uploads\/2022\/02\/IMG_6939-scaled.jpeg","type":"image\/jpeg"}],"author":"Kortabitarte(e)ko Irati","twitter_card":"summary_large_image","twitter_misc":{"Escrito por":"Kortabitarte(e)ko Irati","Tiempo de lectura":"1 minuto"},"schema":{"@context":"https:\/\/schema.org","@graph":[{"@type":"Article","@id":"https:\/\/emakumeakzientzian.eus\/es\/charla-sobre-metodos-de-deteccion-de-la-covid\/#article","isPartOf":{"@id":"https:\/\/emakumeakzientzian.eus\/es\/charla-sobre-metodos-de-deteccion-de-la-covid\/"},"author":{"name":"Kortabitarte(e)ko Irati","@id":"https:\/\/emakumeakzientzian.eus\/es\/#\/schema\/person\/73b2a7020ae46008c513020b3af78833"},"headline":"Charla sobre m\u00e9todos de detecci\u00f3n de la COVID","datePublished":"2022-02-15T18:19:41+00:00","mainEntityOfPage":{"@id":"https:\/\/emakumeakzientzian.eus\/es\/charla-sobre-metodos-de-deteccion-de-la-covid\/"},"wordCount":110,"publisher":{"@id":"https:\/\/emakumeakzientzian.eus\/es\/#organization"},"image":{"@id":"https:\/\/emakumeakzientzian.eus\/es\/charla-sobre-metodos-de-deteccion-de-la-covid\/#primaryimage"},"thumbnailUrl":"https:\/\/emakumeakzientzian.eus\/wp-content\/uploads\/2022\/02\/IMG_6939-scaled.jpeg","articleSection":["Sin categorizar"],"inLanguage":"es"},{"@type":"WebPage","@id":"https:\/\/emakumeakzientzian.eus\/es\/charla-sobre-metodos-de-deteccion-de-la-covid\/","url":"https:\/\/emakumeakzientzian.eus\/es\/charla-sobre-metodos-de-deteccion-de-la-covid\/","name":"Charla sobre m\u00e9todos de detecci\u00f3n de la COVID - Emakumeak zientzian","isPartOf":{"@id":"https:\/\/emakumeakzientzian.eus\/es\/#website"},"primaryImageOfPage":{"@id":"https:\/\/emakumeakzientzian.eus\/es\/charla-sobre-metodos-de-deteccion-de-la-covid\/#primaryimage"},"image":{"@id":"https:\/\/emakumeakzientzian.eus\/es\/charla-sobre-metodos-de-deteccion-de-la-covid\/#primaryimage"},"thumbnailUrl":"https:\/\/emakumeakzientzian.eus\/wp-content\/uploads\/2022\/02\/IMG_6939-scaled.jpeg","datePublished":"2022-02-15T18:19:41+00:00","breadcrumb":{"@id":"https:\/\/emakumeakzientzian.eus\/es\/charla-sobre-metodos-de-deteccion-de-la-covid\/#breadcrumb"},"inLanguage":"es","potentialAction":[{"@type":"ReadAction","target":["https:\/\/emakumeakzientzian.eus\/es\/charla-sobre-metodos-de-deteccion-de-la-covid\/"]}]},{"@type":"ImageObject","inLanguage":"es","@id":"https:\/\/emakumeakzientzian.eus\/es\/charla-sobre-metodos-de-deteccion-de-la-covid\/#primaryimage","url":"https:\/\/emakumeakzientzian.eus\/wp-content\/uploads\/2022\/02\/IMG_6939-scaled.jpeg","contentUrl":"https:\/\/emakumeakzientzian.eus\/wp-content\/uploads\/2022\/02\/IMG_6939-scaled.jpeg","width":2560,"height":1920},{"@type":"BreadcrumbList","@id":"https:\/\/emakumeakzientzian.eus\/es\/charla-sobre-metodos-de-deteccion-de-la-covid\/#breadcrumb","itemListElement":[{"@type":"ListItem","position":1,"name":"Home","item":"https:\/\/emakumeakzientzian.eus\/es\/"},{"@type":"ListItem","position":2,"name":"Charla sobre m\u00e9todos de detecci\u00f3n de la COVID"}]},{"@type":"WebSite","@id":"https:\/\/emakumeakzientzian.eus\/es\/#website","url":"https:\/\/emakumeakzientzian.eus\/es\/","name":"Emakumeak zientzian","description":"Emakumeak zientzian jardunaldiak","publisher":{"@id":"https:\/\/emakumeakzientzian.eus\/es\/#organization"},"potentialAction":[{"@type":"SearchAction","target":{"@type":"EntryPoint","urlTemplate":"https:\/\/emakumeakzientzian.eus\/es\/?s={search_term_string}"},"query-input":{"@type":"PropertyValueSpecification","valueRequired":true,"valueName":"search_term_string"}}],"inLanguage":"es"},{"@type":"Organization","@id":"https:\/\/emakumeakzientzian.eus\/es\/#organization","name":"Emakumeak Zientzian","url":"https:\/\/emakumeakzientzian.eus\/es\/","logo":{"@type":"ImageObject","inLanguage":"es","@id":"https:\/\/emakumeakzientzian.eus\/es\/#\/schema\/logo\/image\/","url":"https:\/\/emakumeakzientzian.eus\/wp-content\/uploads\/2022\/11\/Logo-EEZZ.png","contentUrl":"https:\/\/emakumeakzientzian.eus\/wp-content\/uploads\/2022\/11\/Logo-EEZZ.png","width":1364,"height":1396,"caption":"Emakumeak Zientzian"},"image":{"@id":"https:\/\/emakumeakzientzian.eus\/es\/#\/schema\/logo\/image\/"}},{"@type":"Person","@id":"https:\/\/emakumeakzientzian.eus\/es\/#\/schema\/person\/73b2a7020ae46008c513020b3af78833","name":"Kortabitarte(e)ko Irati","image":{"@type":"ImageObject","inLanguage":"es","@id":"https:\/\/secure.gravatar.com\/avatar\/6426ed3ffb4c14b828856bf52e03bdca67952ce930b07d5898ed2843cdc8b889?s=96&d=mm&r=g","url":"https:\/\/secure.gravatar.com\/avatar\/6426ed3ffb4c14b828856bf52e03bdca67952ce930b07d5898ed2843cdc8b889?s=96&d=mm&r=g","contentUrl":"https:\/\/secure.gravatar.com\/avatar\/6426ed3ffb4c14b828856bf52e03bdca67952ce930b07d5898ed2843cdc8b889?s=96&d=mm&r=g","caption":"Kortabitarte(e)ko Irati"},"url":"https:\/\/emakumeakzientzian.eus\/es\/author\/irati\/"}]}},"_links":{"self":[{"href":"https:\/\/emakumeakzientzian.eus\/es\/wp-json\/wp\/v2\/posts\/2802","targetHints":{"allow":["GET"]}}],"collection":[{"href":"https:\/\/emakumeakzientzian.eus\/es\/wp-json\/wp\/v2\/posts"}],"about":[{"href":"https:\/\/emakumeakzientzian.eus\/es\/wp-json\/wp\/v2\/types\/post"}],"author":[{"embeddable":true,"href":"https:\/\/emakumeakzientzian.eus\/es\/wp-json\/wp\/v2\/users\/2"}],"replies":[{"embeddable":true,"href":"https:\/\/emakumeakzientzian.eus\/es\/wp-json\/wp\/v2\/comments?post=2802"}],"version-history":[{"count":2,"href":"https:\/\/emakumeakzientzian.eus\/es\/wp-json\/wp\/v2\/posts\/2802\/revisions"}],"predecessor-version":[{"id":2827,"href":"https:\/\/emakumeakzientzian.eus\/es\/wp-json\/wp\/v2\/posts\/2802\/revisions\/2827"}],"wp:featuredmedia":[{"embeddable":true,"href":"https:\/\/emakumeakzientzian.eus\/es\/wp-json\/wp\/v2\/media\/2825"}],"wp:attachment":[{"href":"https:\/\/emakumeakzientzian.eus\/es\/wp-json\/wp\/v2\/media?parent=2802"}],"wp:term":[{"taxonomy":"category","embeddable":true,"href":"https:\/\/emakumeakzientzian.eus\/es\/wp-json\/wp\/v2\/categories?post=2802"},{"taxonomy":"post_tag","embeddable":true,"href":"https:\/\/emakumeakzientzian.eus\/es\/wp-json\/wp\/v2\/tags?post=2802"}],"curies":[{"name":"wp","href":"https:\/\/api.w.org\/{rel}","templated":true}]}}