{"id":2617,"date":"2022-02-11T10:48:54","date_gmt":"2022-02-11T09:48:54","guid":{"rendered":"https:\/\/emakumeakzientzian.eus\/?p=2617"},"modified":"2022-02-11T16:46:34","modified_gmt":"2022-02-11T15:46:34","slug":"arranca-con-fuerza-emakumeak-zientzian","status":"publish","type":"post","link":"https:\/\/emakumeakzientzian.eus\/es\/arranca-con-fuerza-emakumeak-zientzian\/","title":{"rendered":"Arranca con fuerza Emakumeak Zientzian"},"content":{"rendered":"<h2>Arranca con fuerza <i>Emakumeak Zientzian<\/i><\/h2>\n<ul>\n<li><b>Arranca una nueva edici\u00f3n de <\/b><b><i>Emakumeak Zientzian<\/i><\/b><b> con un encuentro con las propias protagonistas, las mujeres del \u00e1mbito cient\u00edfico tecnol\u00f3gico, y el lanzamiento de una campa\u00f1a de sensibilizaci\u00f3n en redes sociales.\u00a0<\/b><\/li>\n<li><b><\/b><b>El objetivo principal de esta iniciativa es destacar la importancia de lograr un acceso y desarrollo profesional igualitario en el \u00e1mbito cient\u00edfico y tecnol\u00f3gico.<\/b><\/li>\n<\/ul>\n<p><span style=\"font-weight: 400;\"><img loading=\"lazy\" decoding=\"async\" class=\"size-medium wp-image-2643 alignleft\" src=\"https:\/\/emakumeakzientzian.eus\/wp-content\/uploads\/2022\/02\/IMG_20220211_100356-01-300x215.jpeg\" alt=\"\" width=\"300\" height=\"215\" srcset=\"https:\/\/emakumeakzientzian.eus\/wp-content\/uploads\/2022\/02\/IMG_20220211_100356-01-300x215.jpeg 300w, https:\/\/emakumeakzientzian.eus\/wp-content\/uploads\/2022\/02\/IMG_20220211_100356-01-1024x733.jpeg 1024w\" sizes=\"auto, (max-width: 300px) 100vw, 300px\" \/>Arranca con fuerza la iniciativa <\/span><i><span style=\"font-weight: 400;\">Emakumeak Zientzian 2022<\/span><\/i><span style=\"font-weight: 400;\"> organizada por diecisiete entidades vascas con motivo del 11 de febrero, D\u00eda Internacional de la Mujer y la Ni\u00f1a en la Ciencia. En el arranque que ha tenido lugar esta ma\u00f1ana en San Sebasti\u00e1n han participado Jabier Larra\u00f1aga, Diputado Foral de Promoci\u00f3n Econ\u00f3mica, Turismo y Medio Rural de Gipuzkoa, Marisol Garmendia, concejala de Desarrollo Econ\u00f3mico y Empleo de San Sebasti\u00e1n, Aitziber L. Cortajarena, Directora Cient\u00edfica de CIC biomaGUNE, Ainhoa Lete, Cofundadora y Directora General de BuntPlanet, y Sandra Camarero, investigadora Ikerbasque de POLYMAT, as\u00ed como las coordinadoras de la iniciativa <\/span><i><span style=\"font-weight: 400;\">Emakumeak Zientzian 2022<\/span><\/i><span style=\"font-weight: 400;\"> M\u00f3nica Moreno (POLYMAT) e Itziar Otegui (CIC nanoGUNE).<\/span><\/p>\n<p><span style=\"font-weight: 400;\">Tras una breve introducci\u00f3n por parte de las coordinadoras de la iniciativa <\/span><i><span style=\"font-weight: 400;\">Emakumeak Zientzian<\/span><\/i><span style=\"font-weight: 400;\">, Marisol Garmendia, la vicepresidenta de Fomento San Sebasti\u00e1n, ha recalcado que es imprescindible visibilizar el trabajo de las mujeres en la ciencia. \u201cEn nuestra ciudad tenemos una realidad de la que sentirnos orgullosas: el 47 % del personal investigador que reside aqu\u00ed es mujer, as\u00ed como el 37 % del talento for\u00e1neo que acogemos en Talent House. Desde Fomento San Sebasti\u00e1n trabajamos para que estas cifras tengan la visibilidad que les corresponde. Convenios con iniciativas como <\/span><i><span style=\"font-weight: 400;\">Emakumeak Zientzian<\/span><\/i><span style=\"font-weight: 400;\">, ayudas al emprendimiento, becas de internacionalizaci\u00f3n, programas de aceleraci\u00f3n de proyectos, apoyo a la inclusi\u00f3n\u2026 son algunas de las l\u00edneas de trabajo que desde esta sociedad municipal ponemos en marcha con especial refuerzo en las mujeres\u201d.\u00a0<\/span><\/p>\n<p><span style=\"font-weight: 400;\">Despu\u00e9s ha llegado la hora de escuchar a las\u00a0profesionales\u00a0que\u00a0trabajan en distintos campos del \u00e1mbito cient\u00edfico-tecnol\u00f3gico y que,\u00a0en su d\u00eda a d\u00eda,\u00a0viven de cerca el problema de la brecha de g\u00e9nero. Aitziber L. Cortajarena, Directora Cient\u00edfica de CIC biomaGUNE, ha centrado su discurso en el porqu\u00e9 de la iniciativa <\/span><i><span style=\"font-weight: 400;\">Emakumeak Zientzian<\/span><\/i><span style=\"font-weight: 400;\"> recalcando sobre todo la baja representaci\u00f3n y visibilidad de las mujeres en el mundo acad\u00e9mico especialmente cuando se progresa en la carrera cient\u00edfica. Para ello, \u201cno hay m\u00e1s que observar estas gr\u00e1ficas del \u00faltimo informe sobre la ciencia en Euskadi elaborado por Ikerbasque. Durante la \u00faltima d\u00e9cada, el n\u00famero de nuevas doctoras es ligeramente superior al de nuevos doctores en las universidades vascas. Sin embargo, hay menos mujeres cuanto m\u00e1s se asciende en la escala de reconocimiento acad\u00e9mico y profesional\u201d, se\u00f1ala Aitziber L. Cortajarena.\u00a0<\/span><\/p>\n<p><span style=\"font-weight: 400;\">Ainhoa Lete, Cofundadora y Directora General de BuntPlanet, reconoce que al comienzo de su carrera profesional no se encontr\u00f3 con dificultades o discriminaciones hacia ella por ser mujer. Sin embargo, \u201ccon el paso de los a\u00f1os y sobre todo cuando he ido afrontando mayores retos me encuentro que estoy al frente de una empresa en un sector mayoritariamente masculinizado. Para mi es un desaf\u00edo que asumo con cierta responsabilidad, en el sentido de formar parte del cambio que me gustar\u00eda que se produjera: ver mujeres fundadoras encabezando las listas de las principales empresas tecnol\u00f3gicas del mundo\u201d, indica Ainhoa Lete. En su intervenci\u00f3n ha querido poner como ejemplo a la cient\u00edfica y empresaria, \u00d6zlem T\u00fcreci, cofundadora de la empresa de biotecnolog\u00eda alemana BioNtech, y art\u00edfice de la vacuna de Pfizer por lo que ha recibido el Premio Princesa de Asturias de Investigaci\u00f3n Cient\u00edfica y T\u00e9cnica 2021.\u00a0<\/span><\/p>\n<p><span style=\"font-weight: 400;\">Sandra Camarero, investigadora Ikerbasque en POLYMAT y la UPV\/EHU, tambi\u00e9n coincide en que en sus inicios como investigadora no encontr\u00f3 dificultades para acceder a puestos de investigadora junior. No obstante, \u201cdespu\u00e9s me he dado cuenta de que compaginar una carrera profesional plena con una vida personal plena resulta mucho m\u00e1s sencillo si eres hombre\u201d, subraya la investigadora. Ha destacado la importancia de las convocatorias espec\u00edficas para incorporar mujeres a puestos de liderazgo en investigaci\u00f3n, \u201ccomo la beca Emakiker que me ha permitido a mi consolidar un grupo de investigaci\u00f3n propio\u201d. M\u00e1s all\u00e1, ha recalcado que todav\u00eda queda trabajo por hacer en relaci\u00f3n a las convocatorias competitivas para conseguir fondos para proyectos de investigaci\u00f3n: \u201cmuchas de ellas ni siquiera ten\u00edan en cuenta las posibles bajas por maternidad o paternidad hasta hace pr\u00e1cticamente ayer, y aunque este cambio se est\u00e1 dando, el problema deber\u00eda abordarse de una forma m\u00e1s integral y teniendo en cuenta el contexto profesional real de las investigadoras e investigadores\u201d, a\u00f1ade Sandra Camarero.\u00a0\u00a0<\/span><\/p>\n<p><span style=\"font-weight: 400;\">Por \u00faltimo, Jabier Larra\u00f1aga, Diputado Foral de Promoci\u00f3n Econ\u00f3mica, Turismo y Medio Rural de Gipuzkoa, ha recordado que \u201cen el territorio el porcentaje de mujeres con dedicaci\u00f3n plena en el \u00e1mbito de I+D es del 33,97 %, y del 28,11 % en la actividad que m\u00e1s investigaci\u00f3n aglutina, la ingenier\u00eda. Si analizamos los puestos de mayor responsabilidad, el desequilibrio es a\u00fan mayor. Si queremos que Gipuzkoa sea uno de los territorios del mundo con menor desigualdad en todos los \u00e1mbitos, esto es algo que no nos podemos permitir, porque es una cuesti\u00f3n de justicia, y porque conlleva una renuncia al talento potencial del 50 % de la sociedad\u201d. Por ello, ha destacado que la Diputaci\u00f3n trabaja \u201cimpulsando las ramas cient\u00edfico-t\u00e9cnicas entre las j\u00f3venes, la ruptura de estereotipos de g\u00e9nero, la conciliaci\u00f3n corresponsable, y apoyando las trayectorias de mujeres investigadoras en sus convocatorias de ayuda a la I+D\u201d.<\/span><\/p>\n<p><span style=\"font-weight: 400;\">En el evento se ha presentado tambi\u00e9n la campa\u00f1a de sensibilizaci\u00f3n de Emakumeak Zientzian 2022 que recoge testimonios de las investigadoras de las entidades organizadoras de esta iniciativa y que se lanzar\u00e1 hoy mismo en redes sociales. Seg\u00fan las coordinadoras de la iniciativa <\/span><i><span style=\"font-weight: 400;\">Emakumeak Zientzian<\/span><\/i><span style=\"font-weight: 400;\">, \u201ccon esta campa\u00f1a de sensibilizaci\u00f3n lo que queremos es poner en valor el trabajo de todas estas profesionales y que su modelo sirva como referente a las siguientes generaciones, para que cada vez sean m\u00e1s las mujeres que acceden a las carreras cient\u00edfico-t\u00e9cnicas, que son las carreras que demandan ya las empresas de sectores emergentes, y avancemos en el camino hacia un desarrollo profesional igualitario\u201d.\u00a0<\/span><\/p>\n<p><span style=\"font-weight: 400;\">Se ha organizado un amplio programa con actividades de diversa \u00edndole, con el objetivo de acercar el mensaje \u201cla ciencia s\u00ed es cosa de chicas\u201d al mayor n\u00famero de personas posible y subrayar la importancia de lograr un acceso y desarrollo profesional igualitario en el \u00e1mbito cient\u00edfico y tecnol\u00f3gico. El programa completo de actividades est\u00e1 disponible en la p\u00e1gina web <\/span><a href=\"http:\/\/www.emakumeakzientzian.eus\"><span style=\"font-weight: 400;\">www.emakumeakzientzian.eus<\/span><\/a><span style=\"font-weight: 400;\">.\u00a0<\/span><\/p>\n<p><span style=\"font-weight: 400;\">Las 17 entidades organizadoras de la 6\u00aa edici\u00f3n de <\/span><i><span style=\"font-weight: 400;\">Emakumeak Zientzian <\/span><\/i><span style=\"font-weight: 400;\">son una muestra representativa importante del tejido de la ciencia y la tecnolog\u00eda en Euskadi: POLYMAT, CIC nanoGUNE, Donostia International Physics Center (DIPC), el Centro de F\u00edsica de Materiales (CFM CSIC-UPV\/EHU), CIC biomaGUNE, Biodonostia, Tecnun-Escuela de Ingenier\u00eda, Ceit, Eureka! Zientzia Museoa, Colegio Oficial de Ingenieros Industriales de Gipuzkoa, Basque Center on Cognition, Brain and Language (BCBL), Lortek, la Facultad de Inform\u00e1tica, la Escuela de Ingenier\u00eda de Gipuzkoa y la Facultad de Qu\u00edmica de la UPV\/EHU, Elhuyar, y el Parque Cient\u00edfico y Tecnol\u00f3gico de Gipuzkoa.\u00a0<\/span><\/p>\n<p><i><span style=\"font-weight: 400;\">Emakumeak Zientzian 2022<\/span><\/i><span style=\"font-weight: 400;\"> cuenta con el apoyo destacado de la Diputaci\u00f3n Foral de Gipuzkoa y Fomento San Sebasti\u00e1n, as\u00ed como con la colaboraci\u00f3n de las siguientes entidades y organismos: el Consejo Superior de Investigaciones Cient\u00edficas (CSIC), la Fundaci\u00f3n Espa\u00f1ola de Ciencia y Tecnolog\u00eda (FECYT), la Agencia Estatal de Investigaci\u00f3n a trav\u00e9s de los centros Severo Ochoa y Mar\u00eda de Maeztu adheridos a la iniciativa, la Filmoteca Vasca y el Festival Internacional de Cine de San Sebasti\u00e1n, y Aspegi (Asociaci\u00f3n de Mujeres Profesionales, Empresarias y Directivas de Gipuzkoa).<\/span><\/p>\n<p>&nbsp;<\/p>\n","protected":false},"excerpt":{"rendered":"<p>Arranca con fuerza Emakumeak Zientzian Arranca una nueva edici\u00f3n de Emakumeak Zientzian con un encuentro con las propias protagonistas, las mujeres del \u00e1mbito cient\u00edfico tecnol\u00f3gico, y el lanzamiento de una campa\u00f1a de sensibilizaci\u00f3n en redes sociales.\u00a0 El objetivo principal de esta iniciativa es destacar la importancia de lograr un acceso y desarrollo profesional igualitario en&#8230;<\/p>\n","protected":false},"author":2,"featured_media":2643,"comment_status":"closed","ping_status":"open","sticky":false,"template":"","format":"standard","meta":{"_acf_changed":false,"footnotes":""},"categories":[15,2],"tags":[],"class_list":["post-2617","post","type-post","status-publish","format-standard","has-post-thumbnail","hentry","category-noticias","category-sin-categorizar"],"acf":[],"yoast_head":"<!-- This site is optimized with the Yoast SEO plugin v27.3 - https:\/\/yoast.com\/product\/yoast-seo-wordpress\/ -->\n<title>Arranca con fuerza Emakumeak Zientzian - Emakumeak zientzian<\/title>\n<meta name=\"robots\" content=\"index, follow, max-snippet:-1, max-image-preview:large, max-video-preview:-1\" \/>\n<link rel=\"canonical\" href=\"https:\/\/emakumeakzientzian.eus\/es\/arranca-con-fuerza-emakumeak-zientzian\/\" \/>\n<meta property=\"og:locale\" content=\"es_ES\" \/>\n<meta property=\"og:type\" content=\"article\" \/>\n<meta property=\"og:title\" content=\"Arranca con fuerza Emakumeak Zientzian - Emakumeak zientzian\" \/>\n<meta property=\"og:description\" content=\"Arranca con fuerza Emakumeak Zientzian Arranca una nueva edici\u00f3n de Emakumeak Zientzian con un encuentro con las propias protagonistas, las mujeres del \u00e1mbito cient\u00edfico tecnol\u00f3gico, y el lanzamiento de una campa\u00f1a de sensibilizaci\u00f3n en redes sociales.\u00a0 El objetivo principal de esta iniciativa es destacar la importancia de lograr un acceso y desarrollo profesional igualitario en...\" \/>\n<meta property=\"og:url\" content=\"https:\/\/emakumeakzientzian.eus\/es\/arranca-con-fuerza-emakumeak-zientzian\/\" \/>\n<meta property=\"og:site_name\" content=\"Emakumeak zientzian\" \/>\n<meta property=\"article:published_time\" content=\"2022-02-11T09:48:54+00:00\" \/>\n<meta property=\"article:modified_time\" content=\"2022-02-11T15:46:34+00:00\" \/>\n<meta property=\"og:image\" content=\"https:\/\/emakumeakzientzian.eus\/wp-content\/uploads\/2022\/02\/IMG_20220211_100356-01-scaled.jpeg\" \/>\n\t<meta property=\"og:image:width\" content=\"2560\" \/>\n\t<meta property=\"og:image:height\" content=\"1832\" \/>\n\t<meta property=\"og:image:type\" content=\"image\/jpeg\" \/>\n<meta name=\"author\" content=\"Kortabitarte(e)ko Irati\" \/>\n<meta name=\"twitter:card\" content=\"summary_large_image\" \/>\n<meta name=\"twitter:label1\" content=\"Escrito por\" \/>\n\t<meta name=\"twitter:data1\" content=\"Kortabitarte(e)ko Irati\" \/>\n\t<meta name=\"twitter:label2\" content=\"Tiempo de lectura\" \/>\n\t<meta name=\"twitter:data2\" content=\"7 minutos\" \/>\n<script type=\"application\/ld+json\" class=\"yoast-schema-graph\">{\"@context\":\"https:\\\/\\\/schema.org\",\"@graph\":[{\"@type\":\"Article\",\"@id\":\"https:\\\/\\\/emakumeakzientzian.eus\\\/es\\\/arranca-con-fuerza-emakumeak-zientzian\\\/#article\",\"isPartOf\":{\"@id\":\"https:\\\/\\\/emakumeakzientzian.eus\\\/es\\\/arranca-con-fuerza-emakumeak-zientzian\\\/\"},\"author\":{\"name\":\"Kortabitarte(e)ko Irati\",\"@id\":\"https:\\\/\\\/emakumeakzientzian.eus\\\/es\\\/#\\\/schema\\\/person\\\/73b2a7020ae46008c513020b3af78833\"},\"headline\":\"Arranca con fuerza Emakumeak Zientzian\",\"datePublished\":\"2022-02-11T09:48:54+00:00\",\"dateModified\":\"2022-02-11T15:46:34+00:00\",\"mainEntityOfPage\":{\"@id\":\"https:\\\/\\\/emakumeakzientzian.eus\\\/es\\\/arranca-con-fuerza-emakumeak-zientzian\\\/\"},\"wordCount\":1359,\"publisher\":{\"@id\":\"https:\\\/\\\/emakumeakzientzian.eus\\\/es\\\/#organization\"},\"image\":{\"@id\":\"https:\\\/\\\/emakumeakzientzian.eus\\\/es\\\/arranca-con-fuerza-emakumeak-zientzian\\\/#primaryimage\"},\"thumbnailUrl\":\"https:\\\/\\\/emakumeakzientzian.eus\\\/wp-content\\\/uploads\\\/2022\\\/02\\\/IMG_20220211_100356-01-scaled.jpeg\",\"articleSection\":[\"Noticias\",\"Sin categorizar\"],\"inLanguage\":\"es\"},{\"@type\":\"WebPage\",\"@id\":\"https:\\\/\\\/emakumeakzientzian.eus\\\/es\\\/arranca-con-fuerza-emakumeak-zientzian\\\/\",\"url\":\"https:\\\/\\\/emakumeakzientzian.eus\\\/es\\\/arranca-con-fuerza-emakumeak-zientzian\\\/\",\"name\":\"Arranca con fuerza Emakumeak Zientzian - Emakumeak zientzian\",\"isPartOf\":{\"@id\":\"https:\\\/\\\/emakumeakzientzian.eus\\\/es\\\/#website\"},\"primaryImageOfPage\":{\"@id\":\"https:\\\/\\\/emakumeakzientzian.eus\\\/es\\\/arranca-con-fuerza-emakumeak-zientzian\\\/#primaryimage\"},\"image\":{\"@id\":\"https:\\\/\\\/emakumeakzientzian.eus\\\/es\\\/arranca-con-fuerza-emakumeak-zientzian\\\/#primaryimage\"},\"thumbnailUrl\":\"https:\\\/\\\/emakumeakzientzian.eus\\\/wp-content\\\/uploads\\\/2022\\\/02\\\/IMG_20220211_100356-01-scaled.jpeg\",\"datePublished\":\"2022-02-11T09:48:54+00:00\",\"dateModified\":\"2022-02-11T15:46:34+00:00\",\"breadcrumb\":{\"@id\":\"https:\\\/\\\/emakumeakzientzian.eus\\\/es\\\/arranca-con-fuerza-emakumeak-zientzian\\\/#breadcrumb\"},\"inLanguage\":\"es\",\"potentialAction\":[{\"@type\":\"ReadAction\",\"target\":[\"https:\\\/\\\/emakumeakzientzian.eus\\\/es\\\/arranca-con-fuerza-emakumeak-zientzian\\\/\"]}]},{\"@type\":\"ImageObject\",\"inLanguage\":\"es\",\"@id\":\"https:\\\/\\\/emakumeakzientzian.eus\\\/es\\\/arranca-con-fuerza-emakumeak-zientzian\\\/#primaryimage\",\"url\":\"https:\\\/\\\/emakumeakzientzian.eus\\\/wp-content\\\/uploads\\\/2022\\\/02\\\/IMG_20220211_100356-01-scaled.jpeg\",\"contentUrl\":\"https:\\\/\\\/emakumeakzientzian.eus\\\/wp-content\\\/uploads\\\/2022\\\/02\\\/IMG_20220211_100356-01-scaled.jpeg\",\"width\":2560,\"height\":1832},{\"@type\":\"BreadcrumbList\",\"@id\":\"https:\\\/\\\/emakumeakzientzian.eus\\\/es\\\/arranca-con-fuerza-emakumeak-zientzian\\\/#breadcrumb\",\"itemListElement\":[{\"@type\":\"ListItem\",\"position\":1,\"name\":\"Home\",\"item\":\"https:\\\/\\\/emakumeakzientzian.eus\\\/es\\\/\"},{\"@type\":\"ListItem\",\"position\":2,\"name\":\"Arranca con fuerza Emakumeak Zientzian\"}]},{\"@type\":\"WebSite\",\"@id\":\"https:\\\/\\\/emakumeakzientzian.eus\\\/es\\\/#website\",\"url\":\"https:\\\/\\\/emakumeakzientzian.eus\\\/es\\\/\",\"name\":\"Emakumeak zientzian\",\"description\":\"Emakumeak zientzian jardunaldiak\",\"publisher\":{\"@id\":\"https:\\\/\\\/emakumeakzientzian.eus\\\/es\\\/#organization\"},\"potentialAction\":[{\"@type\":\"SearchAction\",\"target\":{\"@type\":\"EntryPoint\",\"urlTemplate\":\"https:\\\/\\\/emakumeakzientzian.eus\\\/es\\\/?s={search_term_string}\"},\"query-input\":{\"@type\":\"PropertyValueSpecification\",\"valueRequired\":true,\"valueName\":\"search_term_string\"}}],\"inLanguage\":\"es\"},{\"@type\":\"Organization\",\"@id\":\"https:\\\/\\\/emakumeakzientzian.eus\\\/es\\\/#organization\",\"name\":\"Emakumeak Zientzian\",\"url\":\"https:\\\/\\\/emakumeakzientzian.eus\\\/es\\\/\",\"logo\":{\"@type\":\"ImageObject\",\"inLanguage\":\"es\",\"@id\":\"https:\\\/\\\/emakumeakzientzian.eus\\\/es\\\/#\\\/schema\\\/logo\\\/image\\\/\",\"url\":\"https:\\\/\\\/emakumeakzientzian.eus\\\/wp-content\\\/uploads\\\/2022\\\/11\\\/Logo-EEZZ.png\",\"contentUrl\":\"https:\\\/\\\/emakumeakzientzian.eus\\\/wp-content\\\/uploads\\\/2022\\\/11\\\/Logo-EEZZ.png\",\"width\":1364,\"height\":1396,\"caption\":\"Emakumeak Zientzian\"},\"image\":{\"@id\":\"https:\\\/\\\/emakumeakzientzian.eus\\\/es\\\/#\\\/schema\\\/logo\\\/image\\\/\"}},{\"@type\":\"Person\",\"@id\":\"https:\\\/\\\/emakumeakzientzian.eus\\\/es\\\/#\\\/schema\\\/person\\\/73b2a7020ae46008c513020b3af78833\",\"name\":\"Kortabitarte(e)ko Irati\",\"image\":{\"@type\":\"ImageObject\",\"inLanguage\":\"es\",\"@id\":\"https:\\\/\\\/secure.gravatar.com\\\/avatar\\\/6426ed3ffb4c14b828856bf52e03bdca67952ce930b07d5898ed2843cdc8b889?s=96&d=mm&r=g\",\"url\":\"https:\\\/\\\/secure.gravatar.com\\\/avatar\\\/6426ed3ffb4c14b828856bf52e03bdca67952ce930b07d5898ed2843cdc8b889?s=96&d=mm&r=g\",\"contentUrl\":\"https:\\\/\\\/secure.gravatar.com\\\/avatar\\\/6426ed3ffb4c14b828856bf52e03bdca67952ce930b07d5898ed2843cdc8b889?s=96&d=mm&r=g\",\"caption\":\"Kortabitarte(e)ko Irati\"},\"url\":\"https:\\\/\\\/emakumeakzientzian.eus\\\/es\\\/author\\\/irati\\\/\"}]}<\/script>\n<!-- \/ Yoast SEO plugin. -->","yoast_head_json":{"title":"Arranca con fuerza Emakumeak Zientzian - Emakumeak zientzian","robots":{"index":"index","follow":"follow","max-snippet":"max-snippet:-1","max-image-preview":"max-image-preview:large","max-video-preview":"max-video-preview:-1"},"canonical":"https:\/\/emakumeakzientzian.eus\/es\/arranca-con-fuerza-emakumeak-zientzian\/","og_locale":"es_ES","og_type":"article","og_title":"Arranca con fuerza Emakumeak Zientzian - Emakumeak zientzian","og_description":"Arranca con fuerza Emakumeak Zientzian Arranca una nueva edici\u00f3n de Emakumeak Zientzian con un encuentro con las propias protagonistas, las mujeres del \u00e1mbito cient\u00edfico tecnol\u00f3gico, y el lanzamiento de una campa\u00f1a de sensibilizaci\u00f3n en redes sociales.\u00a0 El objetivo principal de esta iniciativa es destacar la importancia de lograr un acceso y desarrollo profesional igualitario en...","og_url":"https:\/\/emakumeakzientzian.eus\/es\/arranca-con-fuerza-emakumeak-zientzian\/","og_site_name":"Emakumeak zientzian","article_published_time":"2022-02-11T09:48:54+00:00","article_modified_time":"2022-02-11T15:46:34+00:00","og_image":[{"width":2560,"height":1832,"url":"https:\/\/emakumeakzientzian.eus\/wp-content\/uploads\/2022\/02\/IMG_20220211_100356-01-scaled.jpeg","type":"image\/jpeg"}],"author":"Kortabitarte(e)ko Irati","twitter_card":"summary_large_image","twitter_misc":{"Escrito por":"Kortabitarte(e)ko Irati","Tiempo de lectura":"7 minutos"},"schema":{"@context":"https:\/\/schema.org","@graph":[{"@type":"Article","@id":"https:\/\/emakumeakzientzian.eus\/es\/arranca-con-fuerza-emakumeak-zientzian\/#article","isPartOf":{"@id":"https:\/\/emakumeakzientzian.eus\/es\/arranca-con-fuerza-emakumeak-zientzian\/"},"author":{"name":"Kortabitarte(e)ko Irati","@id":"https:\/\/emakumeakzientzian.eus\/es\/#\/schema\/person\/73b2a7020ae46008c513020b3af78833"},"headline":"Arranca con fuerza Emakumeak Zientzian","datePublished":"2022-02-11T09:48:54+00:00","dateModified":"2022-02-11T15:46:34+00:00","mainEntityOfPage":{"@id":"https:\/\/emakumeakzientzian.eus\/es\/arranca-con-fuerza-emakumeak-zientzian\/"},"wordCount":1359,"publisher":{"@id":"https:\/\/emakumeakzientzian.eus\/es\/#organization"},"image":{"@id":"https:\/\/emakumeakzientzian.eus\/es\/arranca-con-fuerza-emakumeak-zientzian\/#primaryimage"},"thumbnailUrl":"https:\/\/emakumeakzientzian.eus\/wp-content\/uploads\/2022\/02\/IMG_20220211_100356-01-scaled.jpeg","articleSection":["Noticias","Sin categorizar"],"inLanguage":"es"},{"@type":"WebPage","@id":"https:\/\/emakumeakzientzian.eus\/es\/arranca-con-fuerza-emakumeak-zientzian\/","url":"https:\/\/emakumeakzientzian.eus\/es\/arranca-con-fuerza-emakumeak-zientzian\/","name":"Arranca con fuerza Emakumeak Zientzian - Emakumeak zientzian","isPartOf":{"@id":"https:\/\/emakumeakzientzian.eus\/es\/#website"},"primaryImageOfPage":{"@id":"https:\/\/emakumeakzientzian.eus\/es\/arranca-con-fuerza-emakumeak-zientzian\/#primaryimage"},"image":{"@id":"https:\/\/emakumeakzientzian.eus\/es\/arranca-con-fuerza-emakumeak-zientzian\/#primaryimage"},"thumbnailUrl":"https:\/\/emakumeakzientzian.eus\/wp-content\/uploads\/2022\/02\/IMG_20220211_100356-01-scaled.jpeg","datePublished":"2022-02-11T09:48:54+00:00","dateModified":"2022-02-11T15:46:34+00:00","breadcrumb":{"@id":"https:\/\/emakumeakzientzian.eus\/es\/arranca-con-fuerza-emakumeak-zientzian\/#breadcrumb"},"inLanguage":"es","potentialAction":[{"@type":"ReadAction","target":["https:\/\/emakumeakzientzian.eus\/es\/arranca-con-fuerza-emakumeak-zientzian\/"]}]},{"@type":"ImageObject","inLanguage":"es","@id":"https:\/\/emakumeakzientzian.eus\/es\/arranca-con-fuerza-emakumeak-zientzian\/#primaryimage","url":"https:\/\/emakumeakzientzian.eus\/wp-content\/uploads\/2022\/02\/IMG_20220211_100356-01-scaled.jpeg","contentUrl":"https:\/\/emakumeakzientzian.eus\/wp-content\/uploads\/2022\/02\/IMG_20220211_100356-01-scaled.jpeg","width":2560,"height":1832},{"@type":"BreadcrumbList","@id":"https:\/\/emakumeakzientzian.eus\/es\/arranca-con-fuerza-emakumeak-zientzian\/#breadcrumb","itemListElement":[{"@type":"ListItem","position":1,"name":"Home","item":"https:\/\/emakumeakzientzian.eus\/es\/"},{"@type":"ListItem","position":2,"name":"Arranca con fuerza Emakumeak Zientzian"}]},{"@type":"WebSite","@id":"https:\/\/emakumeakzientzian.eus\/es\/#website","url":"https:\/\/emakumeakzientzian.eus\/es\/","name":"Emakumeak zientzian","description":"Emakumeak zientzian jardunaldiak","publisher":{"@id":"https:\/\/emakumeakzientzian.eus\/es\/#organization"},"potentialAction":[{"@type":"SearchAction","target":{"@type":"EntryPoint","urlTemplate":"https:\/\/emakumeakzientzian.eus\/es\/?s={search_term_string}"},"query-input":{"@type":"PropertyValueSpecification","valueRequired":true,"valueName":"search_term_string"}}],"inLanguage":"es"},{"@type":"Organization","@id":"https:\/\/emakumeakzientzian.eus\/es\/#organization","name":"Emakumeak Zientzian","url":"https:\/\/emakumeakzientzian.eus\/es\/","logo":{"@type":"ImageObject","inLanguage":"es","@id":"https:\/\/emakumeakzientzian.eus\/es\/#\/schema\/logo\/image\/","url":"https:\/\/emakumeakzientzian.eus\/wp-content\/uploads\/2022\/11\/Logo-EEZZ.png","contentUrl":"https:\/\/emakumeakzientzian.eus\/wp-content\/uploads\/2022\/11\/Logo-EEZZ.png","width":1364,"height":1396,"caption":"Emakumeak Zientzian"},"image":{"@id":"https:\/\/emakumeakzientzian.eus\/es\/#\/schema\/logo\/image\/"}},{"@type":"Person","@id":"https:\/\/emakumeakzientzian.eus\/es\/#\/schema\/person\/73b2a7020ae46008c513020b3af78833","name":"Kortabitarte(e)ko Irati","image":{"@type":"ImageObject","inLanguage":"es","@id":"https:\/\/secure.gravatar.com\/avatar\/6426ed3ffb4c14b828856bf52e03bdca67952ce930b07d5898ed2843cdc8b889?s=96&d=mm&r=g","url":"https:\/\/secure.gravatar.com\/avatar\/6426ed3ffb4c14b828856bf52e03bdca67952ce930b07d5898ed2843cdc8b889?s=96&d=mm&r=g","contentUrl":"https:\/\/secure.gravatar.com\/avatar\/6426ed3ffb4c14b828856bf52e03bdca67952ce930b07d5898ed2843cdc8b889?s=96&d=mm&r=g","caption":"Kortabitarte(e)ko Irati"},"url":"https:\/\/emakumeakzientzian.eus\/es\/author\/irati\/"}]}},"_links":{"self":[{"href":"https:\/\/emakumeakzientzian.eus\/es\/wp-json\/wp\/v2\/posts\/2617","targetHints":{"allow":["GET"]}}],"collection":[{"href":"https:\/\/emakumeakzientzian.eus\/es\/wp-json\/wp\/v2\/posts"}],"about":[{"href":"https:\/\/emakumeakzientzian.eus\/es\/wp-json\/wp\/v2\/types\/post"}],"author":[{"embeddable":true,"href":"https:\/\/emakumeakzientzian.eus\/es\/wp-json\/wp\/v2\/users\/2"}],"replies":[{"embeddable":true,"href":"https:\/\/emakumeakzientzian.eus\/es\/wp-json\/wp\/v2\/comments?post=2617"}],"version-history":[{"count":2,"href":"https:\/\/emakumeakzientzian.eus\/es\/wp-json\/wp\/v2\/posts\/2617\/revisions"}],"predecessor-version":[{"id":2645,"href":"https:\/\/emakumeakzientzian.eus\/es\/wp-json\/wp\/v2\/posts\/2617\/revisions\/2645"}],"wp:featuredmedia":[{"embeddable":true,"href":"https:\/\/emakumeakzientzian.eus\/es\/wp-json\/wp\/v2\/media\/2643"}],"wp:attachment":[{"href":"https:\/\/emakumeakzientzian.eus\/es\/wp-json\/wp\/v2\/media?parent=2617"}],"wp:term":[{"taxonomy":"category","embeddable":true,"href":"https:\/\/emakumeakzientzian.eus\/es\/wp-json\/wp\/v2\/categories?post=2617"},{"taxonomy":"post_tag","embeddable":true,"href":"https:\/\/emakumeakzientzian.eus\/es\/wp-json\/wp\/v2\/tags?post=2617"}],"curies":[{"name":"wp","href":"https:\/\/api.w.org\/{rel}","templated":true}]}}